{"id":11661,"date":"2025-01-24T12:35:06","date_gmt":"2025-01-24T15:35:06","guid":{"rendered":"https:\/\/suburbionoar.com.br\/?p=11661"},"modified":"2025-01-24T12:35:06","modified_gmt":"2025-01-24T15:35:06","slug":"vinicius-junior-comenta-sobre-possivel-retorno-de-neymar-ao-santos-a-casa-dele","status":"publish","type":"post","link":"https:\/\/suburbionoar.com.br\/index.php\/2025\/01\/24\/vinicius-junior-comenta-sobre-possivel-retorno-de-neymar-ao-santos-a-casa-dele\/","title":{"rendered":"Vinicius J\u00fanior comenta sobre poss\u00edvel retorno de Neymar ao Santos: &#8216;A casa dele&#8217;"},"content":{"rendered":"\n<p>Nos \u00faltimos dias, os rumores sobre uma poss\u00edvel volta de Neymar ao Santos ganharam for\u00e7a. Ap\u00f3s a vit\u00f3ria por 5 a 1 sobre o Red Bull Salzburg, o atacante Vin\u00edcius J\u00fanior foi questionado sobre o poss\u00edvel retorno do companheiro de sele\u00e7\u00e3o ao futebol brasileiro.<\/p>\n\n\n\n<p><em>\u201cNey \u00e9 o nosso \u00eddolo. Esperamos que ele possa estar de volta o mais r\u00e1pido poss\u00edvel. Para o Brasil \u00e9 importante ter um jogador como o Ney. Ainda mais no Santos, que \u00e9 a casa dele, onde ele acabou com todos os jogos no Brasil. Acho que sem d\u00favidas \u00e9 o jogador brasileiro que mais jogou bem no Brasil e depois p\u00f4de fazer hist\u00f3ria fora\u201d,<\/em>&nbsp;disse.<\/p>\n\n\n\n<p>Para o camisa 20 do Real Madrid, a chegada de Neymar ao Brasil seria uma grande vantagem para o futebol nacional. Companheiros tanto na sele\u00e7\u00e3o quanto nos clubes, Vini J\u00fanior destacou a import\u00e2ncia de Neymar tomar uma decis\u00e3o que seja confort\u00e1vel para ele e sua fam\u00edlia.<\/p>\n\n\n\n<p><em>&#8220;Que ele possa tomar uma decis\u00e3o tranquila e que seja feliz para ele e para toda a fam\u00edlia dele&#8221;,&nbsp;<\/em>concluiu Vin\u00edcius<\/p>\n\n\n\n<p>Fonte: Varela Net<\/p>\n","protected":false},"excerpt":{"rendered":"<p>Nos \u00faltimos dias, os rumores sobre uma poss\u00edvel volta de Neymar ao Santos ganharam for\u00e7a. Ap\u00f3s a vit\u00f3ria por 5 a 1 sobre o Red Bull Salzburg, o atacante Vin\u00edcius J\u00fanior foi questionado sobre o poss\u00edvel retorno do companheiro de sele\u00e7\u00e3o ao futebol brasileiro. \u201cNey \u00e9 o nosso \u00eddolo. Esperamos que ele possa estar de [&hellip;]<\/p>\n","protected":false},"author":2,"featured_media":11660,"comment_status":"closed","ping_status":"open","sticky":false,"template":"","format":"standard","meta":{"footnotes":""},"categories":[89],"tags":[],"class_list":["post-11661","post","type-post","status-publish","format-standard","has-post-thumbnail","hentry","category-esportes"],"_links":{"self":[{"href":"https:\/\/suburbionoar.com.br\/index.php\/wp-json\/wp\/v2\/posts\/11661","targetHints":{"allow":["GET"]}}],"collection":[{"href":"https:\/\/suburbionoar.com.br\/index.php\/wp-json\/wp\/v2\/posts"}],"about":[{"href":"https:\/\/suburbionoar.com.br\/index.php\/wp-json\/wp\/v2\/types\/post"}],"author":[{"embeddable":true,"href":"https:\/\/suburbionoar.com.br\/index.php\/wp-json\/wp\/v2\/users\/2"}],"replies":[{"embeddable":true,"href":"https:\/\/suburbionoar.com.br\/index.php\/wp-json\/wp\/v2\/comments?post=11661"}],"version-history":[{"count":1,"href":"https:\/\/suburbionoar.com.br\/index.php\/wp-json\/wp\/v2\/posts\/11661\/revisions"}],"predecessor-version":[{"id":11662,"href":"https:\/\/suburbionoar.com.br\/index.php\/wp-json\/wp\/v2\/posts\/11661\/revisions\/11662"}],"wp:featuredmedia":[{"embeddable":true,"href":"https:\/\/suburbionoar.com.br\/index.php\/wp-json\/wp\/v2\/media\/11660"}],"wp:attachment":[{"href":"https:\/\/suburbionoar.com.br\/index.php\/wp-json\/wp\/v2\/media?parent=11661"}],"wp:term":[{"taxonomy":"category","embeddable":true,"href":"https:\/\/suburbionoar.com.br\/index.php\/wp-json\/wp\/v2\/categories?post=11661"},{"taxonomy":"post_tag","embeddable":true,"href":"https:\/\/suburbionoar.com.br\/index.php\/wp-json\/wp\/v2\/tags?post=11661"}],"curies":[{"name":"wp","href":"https:\/\/api.w.org\/{rel}","templated":true}]}}