{"id":11655,"date":"2025-01-21T17:45:06","date_gmt":"2025-01-21T20:45:06","guid":{"rendered":"https:\/\/suburbionoar.com.br\/?p=11655"},"modified":"2025-01-21T17:45:06","modified_gmt":"2025-01-21T20:45:06","slug":"dolar-cai-e-volta-aos-r604-no-dia-de-posse-do-presidente-norte-americano-donald-trump","status":"publish","type":"post","link":"https:\/\/suburbionoar.com.br\/index.php\/2025\/01\/21\/dolar-cai-e-volta-aos-r604-no-dia-de-posse-do-presidente-norte-americano-donald-trump\/","title":{"rendered":"D\u00f3lar cai e volta aos R$6,04 no dia de posse do presidente norte-americano Donald Trump"},"content":{"rendered":"\n<p>No dia da posse do presidente norte-americano Donald Trump, o d\u00f3lar fechou em queda ap\u00f3s abrir em alta, enquanto a bolsa de valores teve um dia de oscila\u00e7\u00f5es. O d\u00f3lar comercial encerrou esta segunda-feira (20) vendido a R$ 6,041, com uma queda de R$ 0,024 (-0,4%). A cota\u00e7\u00e3o chegou a R$ 6,09 pouco antes das 10h, mas inverteu o movimento ap\u00f3s a abertura do mercado norte-americano.<\/p>\n\n\n\n<p>Essa foi a primeira queda do d\u00f3lar ap\u00f3s duas altas consecutivas, com a moeda dos Estados Unidos acumulando uma queda de 2,25% em janeiro. O \u00edndice Ibovespa, da B3, fechou aos 122.855 pontos, com alta de 0,41%, impulsionado por a\u00e7\u00f5es de petroleiras e bancos. O recuo do d\u00f3lar foi observado globalmente, devido \u00e0 falta de detalhamento nas men\u00e7\u00f5es de eleva\u00e7\u00e3o de tarifas comerciais no discurso de posse de Trump, beneficiando pa\u00edses emergentes.<\/p>\n\n\n\n<p>No Brasil, a venda de US$ 2 bilh\u00f5es das reservas internacionais pelo Banco Central (BC) com compromisso de recompra tamb\u00e9m contribuiu para a queda da moeda norte-americana. Essa foi a primeira interven\u00e7\u00e3o do BC no c\u00e2mbio desde a posse do presidente do \u00f3rg\u00e3o, Gabriel Gal\u00edpolo. Para esta ter\u00e7a-feira (21), o BC n\u00e3o anunciou interven\u00e7\u00e3o no c\u00e2mbio, ap\u00f3s ter vendido US$ 32,59 bilh\u00f5es em dezembro, em meio \u00e0 forte desvaloriza\u00e7\u00e3o do real.<\/p>\n\n\n\n<p>Fonte: Varela Net<\/p>\n","protected":false},"excerpt":{"rendered":"<p>No dia da posse do presidente norte-americano Donald Trump, o d\u00f3lar fechou em queda ap\u00f3s abrir em alta, enquanto a bolsa de valores teve um dia de oscila\u00e7\u00f5es. O d\u00f3lar comercial encerrou esta segunda-feira (20) vendido a R$ 6,041, com uma queda de R$ 0,024 (-0,4%). A cota\u00e7\u00e3o chegou a R$ 6,09 pouco antes das [&hellip;]<\/p>\n","protected":false},"author":2,"featured_media":11654,"comment_status":"closed","ping_status":"open","sticky":false,"template":"","format":"standard","meta":{"footnotes":""},"categories":[92,85],"tags":[],"class_list":["post-11655","post","type-post","status-publish","format-standard","has-post-thumbnail","hentry","category-economia","category-noticias"],"_links":{"self":[{"href":"https:\/\/suburbionoar.com.br\/index.php\/wp-json\/wp\/v2\/posts\/11655","targetHints":{"allow":["GET"]}}],"collection":[{"href":"https:\/\/suburbionoar.com.br\/index.php\/wp-json\/wp\/v2\/posts"}],"about":[{"href":"https:\/\/suburbionoar.com.br\/index.php\/wp-json\/wp\/v2\/types\/post"}],"author":[{"embeddable":true,"href":"https:\/\/suburbionoar.com.br\/index.php\/wp-json\/wp\/v2\/users\/2"}],"replies":[{"embeddable":true,"href":"https:\/\/suburbionoar.com.br\/index.php\/wp-json\/wp\/v2\/comments?post=11655"}],"version-history":[{"count":1,"href":"https:\/\/suburbionoar.com.br\/index.php\/wp-json\/wp\/v2\/posts\/11655\/revisions"}],"predecessor-version":[{"id":11656,"href":"https:\/\/suburbionoar.com.br\/index.php\/wp-json\/wp\/v2\/posts\/11655\/revisions\/11656"}],"wp:featuredmedia":[{"embeddable":true,"href":"https:\/\/suburbionoar.com.br\/index.php\/wp-json\/wp\/v2\/media\/11654"}],"wp:attachment":[{"href":"https:\/\/suburbionoar.com.br\/index.php\/wp-json\/wp\/v2\/media?parent=11655"}],"wp:term":[{"taxonomy":"category","embeddable":true,"href":"https:\/\/suburbionoar.com.br\/index.php\/wp-json\/wp\/v2\/categories?post=11655"},{"taxonomy":"post_tag","embeddable":true,"href":"https:\/\/suburbionoar.com.br\/index.php\/wp-json\/wp\/v2\/tags?post=11655"}],"curies":[{"name":"wp","href":"https:\/\/api.w.org\/{rel}","templated":true}]}}