{"id":11608,"date":"2025-01-08T13:41:28","date_gmt":"2025-01-08T16:41:28","guid":{"rendered":"https:\/\/suburbionoar.com.br\/?p=11608"},"modified":"2025-01-08T13:41:28","modified_gmt":"2025-01-08T16:41:28","slug":"vitoria-toma-chapeu-do-internacional-e-volante-deve-assinar-com-time-gaucho","status":"publish","type":"post","link":"https:\/\/suburbionoar.com.br\/index.php\/2025\/01\/08\/vitoria-toma-chapeu-do-internacional-e-volante-deve-assinar-com-time-gaucho\/","title":{"rendered":"Vit\u00f3ria toma chap\u00e9u do Internacional e volante deve assinar com time ga\u00facho"},"content":{"rendered":"\n<p>O Internacional acertou&nbsp;a contrata\u00e7\u00e3o do volante Ronaldo, ex-Juventude, atendendo a um pedido do t\u00e9cnico Roger Machado, que j\u00e1 trabalhou com o jogador. Aos 28 anos, Ronaldo, revelado pelo Flamengo, possui passagens por Atl\u00e9tico-GO, Bahia e futebol japon\u00eas. Ele assinou um contrato de dois anos com o Colorado, ap\u00f3s quase fechar com o Vit\u00f3ria.<\/p>\n\n\n\n<p>Em 2025, o Internacional disputar\u00e1 v\u00e1rias competi\u00e7\u00f5es importantes. A equipe, que terminou o Campeonato Brasileiro no G-6, garantiu vaga direta na 3\u00aa fase da Copa do Brasil e na fase de grupos da Libertadores. Al\u00e9m disso, buscar\u00e1 um desempenho melhor no Campeonato Ga\u00facho, ap\u00f3s ser eliminado na semifinal da edi\u00e7\u00e3o de 2024, e continuar\u00e1 na S\u00e9rie A do Brasileir\u00e3o.<\/p>\n\n\n\n<p>Roger Machado, que assumiu o comando do Inter, ter\u00e1 a miss\u00e3o de levar o time ao sucesso em todas essas competi\u00e7\u00f5es. O Colorado espera alcan\u00e7ar seu 46\u00ba t\u00edtulo estadual e fazer uma campanha s\u00f3lida na Libertadores e no Campeonato Brasileiro, contando agora com o refor\u00e7o de Ronaldo em seu elenco.<\/p>\n\n\n\n<p>Fonte: Varela Net<\/p>\n","protected":false},"excerpt":{"rendered":"<p>O Internacional acertou&nbsp;a contrata\u00e7\u00e3o do volante Ronaldo, ex-Juventude, atendendo a um pedido do t\u00e9cnico Roger Machado, que j\u00e1 trabalhou com o jogador. Aos 28 anos, Ronaldo, revelado pelo Flamengo, possui passagens por Atl\u00e9tico-GO, Bahia e futebol japon\u00eas. Ele assinou um contrato de dois anos com o Colorado, ap\u00f3s quase fechar com o Vit\u00f3ria. Em 2025, [&hellip;]<\/p>\n","protected":false},"author":2,"featured_media":11607,"comment_status":"closed","ping_status":"open","sticky":false,"template":"","format":"standard","meta":{"footnotes":""},"categories":[89],"tags":[],"class_list":["post-11608","post","type-post","status-publish","format-standard","has-post-thumbnail","hentry","category-esportes"],"_links":{"self":[{"href":"https:\/\/suburbionoar.com.br\/index.php\/wp-json\/wp\/v2\/posts\/11608","targetHints":{"allow":["GET"]}}],"collection":[{"href":"https:\/\/suburbionoar.com.br\/index.php\/wp-json\/wp\/v2\/posts"}],"about":[{"href":"https:\/\/suburbionoar.com.br\/index.php\/wp-json\/wp\/v2\/types\/post"}],"author":[{"embeddable":true,"href":"https:\/\/suburbionoar.com.br\/index.php\/wp-json\/wp\/v2\/users\/2"}],"replies":[{"embeddable":true,"href":"https:\/\/suburbionoar.com.br\/index.php\/wp-json\/wp\/v2\/comments?post=11608"}],"version-history":[{"count":1,"href":"https:\/\/suburbionoar.com.br\/index.php\/wp-json\/wp\/v2\/posts\/11608\/revisions"}],"predecessor-version":[{"id":11609,"href":"https:\/\/suburbionoar.com.br\/index.php\/wp-json\/wp\/v2\/posts\/11608\/revisions\/11609"}],"wp:featuredmedia":[{"embeddable":true,"href":"https:\/\/suburbionoar.com.br\/index.php\/wp-json\/wp\/v2\/media\/11607"}],"wp:attachment":[{"href":"https:\/\/suburbionoar.com.br\/index.php\/wp-json\/wp\/v2\/media?parent=11608"}],"wp:term":[{"taxonomy":"category","embeddable":true,"href":"https:\/\/suburbionoar.com.br\/index.php\/wp-json\/wp\/v2\/categories?post=11608"},{"taxonomy":"post_tag","embeddable":true,"href":"https:\/\/suburbionoar.com.br\/index.php\/wp-json\/wp\/v2\/tags?post=11608"}],"curies":[{"name":"wp","href":"https:\/\/api.w.org\/{rel}","templated":true}]}}