{"id":11598,"date":"2025-01-06T13:12:44","date_gmt":"2025-01-06T16:12:44","guid":{"rendered":"https:\/\/suburbionoar.com.br\/?p=11598"},"modified":"2025-01-06T13:12:44","modified_gmt":"2025-01-06T16:12:44","slug":"deputado-mendonca-filho-recebe-alta-hospitalar-foi-grande-susto","status":"publish","type":"post","link":"https:\/\/suburbionoar.com.br\/index.php\/2025\/01\/06\/deputado-mendonca-filho-recebe-alta-hospitalar-foi-grande-susto\/","title":{"rendered":"Deputado Mendon\u00e7a Filho recebe alta hospitalar: &#8216;foi grande susto&#8217;"},"content":{"rendered":"\n<p>Neste domingo (5), o deputado federal Mendon\u00e7a Filho (Uni\u00e3o Brasil) recebeu alta hospitalar, ap\u00f3s ter um mal-estar na \u00faltima sexta-feira (3). Ele teria passado mal em meio \u00e0s atividades f\u00edsicas. Informa\u00e7\u00f5es s\u00e3o do Portal Metr\u00f3poles.&nbsp;<\/p>\n\n\n\n<p>\u201cGra\u00e7as a Deus foi um grande susto. Agrade\u00e7o a todas as mensagens e desejos de recupera\u00e7\u00e3o vindas do pa\u00eds inteiro. Agora vou descansar com a fam\u00edlia e logo voltarei \u00e0 ativa para continuar trabalhando por Pernambuco e pelo pa\u00eds\u201d, afirmou o deputado.<\/p>\n\n\n\n<p>Ele foi hospitalizado no Hospital Portugu\u00eas, ap\u00f3s ser socorrido no SPA de Serrambi, no litoral do estado de Pernambuco.<\/p>\n\n\n\n<p>Fonte: Varela Net<\/p>\n","protected":false},"excerpt":{"rendered":"<p>Neste domingo (5), o deputado federal Mendon\u00e7a Filho (Uni\u00e3o Brasil) recebeu alta hospitalar, ap\u00f3s ter um mal-estar na \u00faltima sexta-feira (3). Ele teria passado mal em meio \u00e0s atividades f\u00edsicas. Informa\u00e7\u00f5es s\u00e3o do Portal Metr\u00f3poles.&nbsp; \u201cGra\u00e7as a Deus foi um grande susto. Agrade\u00e7o a todas as mensagens e desejos de recupera\u00e7\u00e3o vindas do pa\u00eds inteiro. [&hellip;]<\/p>\n","protected":false},"author":2,"featured_media":11597,"comment_status":"closed","ping_status":"open","sticky":false,"template":"","format":"standard","meta":{"footnotes":""},"categories":[91],"tags":[],"class_list":["post-11598","post","type-post","status-publish","format-standard","has-post-thumbnail","hentry","category-politica"],"_links":{"self":[{"href":"https:\/\/suburbionoar.com.br\/index.php\/wp-json\/wp\/v2\/posts\/11598","targetHints":{"allow":["GET"]}}],"collection":[{"href":"https:\/\/suburbionoar.com.br\/index.php\/wp-json\/wp\/v2\/posts"}],"about":[{"href":"https:\/\/suburbionoar.com.br\/index.php\/wp-json\/wp\/v2\/types\/post"}],"author":[{"embeddable":true,"href":"https:\/\/suburbionoar.com.br\/index.php\/wp-json\/wp\/v2\/users\/2"}],"replies":[{"embeddable":true,"href":"https:\/\/suburbionoar.com.br\/index.php\/wp-json\/wp\/v2\/comments?post=11598"}],"version-history":[{"count":1,"href":"https:\/\/suburbionoar.com.br\/index.php\/wp-json\/wp\/v2\/posts\/11598\/revisions"}],"predecessor-version":[{"id":11599,"href":"https:\/\/suburbionoar.com.br\/index.php\/wp-json\/wp\/v2\/posts\/11598\/revisions\/11599"}],"wp:featuredmedia":[{"embeddable":true,"href":"https:\/\/suburbionoar.com.br\/index.php\/wp-json\/wp\/v2\/media\/11597"}],"wp:attachment":[{"href":"https:\/\/suburbionoar.com.br\/index.php\/wp-json\/wp\/v2\/media?parent=11598"}],"wp:term":[{"taxonomy":"category","embeddable":true,"href":"https:\/\/suburbionoar.com.br\/index.php\/wp-json\/wp\/v2\/categories?post=11598"},{"taxonomy":"post_tag","embeddable":true,"href":"https:\/\/suburbionoar.com.br\/index.php\/wp-json\/wp\/v2\/tags?post=11598"}],"curies":[{"name":"wp","href":"https:\/\/api.w.org\/{rel}","templated":true}]}}