{"id":11592,"date":"2025-01-03T15:22:14","date_gmt":"2025-01-03T18:22:14","guid":{"rendered":"https:\/\/suburbionoar.com.br\/?p=11592"},"modified":"2025-01-03T15:22:14","modified_gmt":"2025-01-03T18:22:14","slug":"alba-define-nova-data-para-eleicoes-da-mesa-diretora","status":"publish","type":"post","link":"https:\/\/suburbionoar.com.br\/index.php\/2025\/01\/03\/alba-define-nova-data-para-eleicoes-da-mesa-diretora\/","title":{"rendered":"ALBA define nova data para elei\u00e7\u00f5es da Mesa Diretora"},"content":{"rendered":"\n<p>O presidente da Assembleia Legislativa da Bahia (ALBA), Adolfo Menezes, anunciou a altera\u00e7\u00e3o da data da elei\u00e7\u00e3o para a composi\u00e7\u00e3o da Mesa Diretora da Casa no bi\u00eanio 2025-2027. Inicialmente prevista para 1\u00ba de fevereiro, a escolha foi adiada para o dia 3, \u00e0s 14h30.<\/p>\n\n\n\n<p>Com a reelei\u00e7\u00e3o de Menezes considerada certa para um terceiro mandato consecutivo, as aten\u00e7\u00f5es se voltam para a disputa pelas demais posi\u00e7\u00f5es que integram a Mesa. O cargo mais disputado \u00e9 a 1\u00aa vice-presid\u00eancia, motivo de embates internos entre partidos aliados.<\/p>\n\n\n\n<p>A 1\u00aa vice-presid\u00eancia tornou-se um ponto estrat\u00e9gico na composi\u00e7\u00e3o da Mesa, especialmente diante de poss\u00edveis inseguran\u00e7as jur\u00eddicas envolvendo o novo mandato de Adolfo Menezes. Caso ele seja destitu\u00eddo por decis\u00f5es judiciais, o vice-presidente ter\u00e1 a responsabilidade de convocar uma nova elei\u00e7\u00e3o.<\/p>\n\n\n\n<p>O Partido dos Trabalhadores (PT), que lidera a base governista na ALBA, reivindica a vaga e apresenta o nome de Rosemberg Pinto, atual l\u00edder do governo, como favorito. No entanto, o PSD tamb\u00e9m pleiteia a posi\u00e7\u00e3o, com Angelo Coronel Filho surgindo como principal alternativa.<\/p>\n\n\n\n<p>Fonte: Varela Net<\/p>\n","protected":false},"excerpt":{"rendered":"<p>O presidente da Assembleia Legislativa da Bahia (ALBA), Adolfo Menezes, anunciou a altera\u00e7\u00e3o da data da elei\u00e7\u00e3o para a composi\u00e7\u00e3o da Mesa Diretora da Casa no bi\u00eanio 2025-2027. Inicialmente prevista para 1\u00ba de fevereiro, a escolha foi adiada para o dia 3, \u00e0s 14h30. Com a reelei\u00e7\u00e3o de Menezes considerada certa para um terceiro mandato [&hellip;]<\/p>\n","protected":false},"author":2,"featured_media":11591,"comment_status":"closed","ping_status":"open","sticky":false,"template":"","format":"standard","meta":{"footnotes":""},"categories":[85],"tags":[],"class_list":["post-11592","post","type-post","status-publish","format-standard","has-post-thumbnail","hentry","category-noticias"],"_links":{"self":[{"href":"https:\/\/suburbionoar.com.br\/index.php\/wp-json\/wp\/v2\/posts\/11592","targetHints":{"allow":["GET"]}}],"collection":[{"href":"https:\/\/suburbionoar.com.br\/index.php\/wp-json\/wp\/v2\/posts"}],"about":[{"href":"https:\/\/suburbionoar.com.br\/index.php\/wp-json\/wp\/v2\/types\/post"}],"author":[{"embeddable":true,"href":"https:\/\/suburbionoar.com.br\/index.php\/wp-json\/wp\/v2\/users\/2"}],"replies":[{"embeddable":true,"href":"https:\/\/suburbionoar.com.br\/index.php\/wp-json\/wp\/v2\/comments?post=11592"}],"version-history":[{"count":1,"href":"https:\/\/suburbionoar.com.br\/index.php\/wp-json\/wp\/v2\/posts\/11592\/revisions"}],"predecessor-version":[{"id":11593,"href":"https:\/\/suburbionoar.com.br\/index.php\/wp-json\/wp\/v2\/posts\/11592\/revisions\/11593"}],"wp:featuredmedia":[{"embeddable":true,"href":"https:\/\/suburbionoar.com.br\/index.php\/wp-json\/wp\/v2\/media\/11591"}],"wp:attachment":[{"href":"https:\/\/suburbionoar.com.br\/index.php\/wp-json\/wp\/v2\/media?parent=11592"}],"wp:term":[{"taxonomy":"category","embeddable":true,"href":"https:\/\/suburbionoar.com.br\/index.php\/wp-json\/wp\/v2\/categories?post=11592"},{"taxonomy":"post_tag","embeddable":true,"href":"https:\/\/suburbionoar.com.br\/index.php\/wp-json\/wp\/v2\/tags?post=11592"}],"curies":[{"name":"wp","href":"https:\/\/api.w.org\/{rel}","templated":true}]}}