{"id":11578,"date":"2024-12-31T16:11:00","date_gmt":"2024-12-31T19:11:00","guid":{"rendered":"https:\/\/suburbionoar.com.br\/?p=11578"},"modified":"2024-12-31T16:11:00","modified_gmt":"2024-12-31T19:11:00","slug":"camara-aprova-projeto-de-lei-que-obriga-a-retirada-de-fios-inuteis-de-postes-de-feira-de-santana","status":"publish","type":"post","link":"https:\/\/suburbionoar.com.br\/index.php\/2024\/12\/31\/camara-aprova-projeto-de-lei-que-obriga-a-retirada-de-fios-inuteis-de-postes-de-feira-de-santana\/","title":{"rendered":"C\u00e2mara aprova projeto de lei que obriga a retirada de fios in\u00fateis de postes de Feira de Santana"},"content":{"rendered":"\n<p>A C\u00e2mara Municipal de Feira de Santana aprovou um projeto de lei que obriga as empresas de energia el\u00e9trica e empresas privadas que utilizam a rede a\u00e9rea do munic\u00edpio a realizar o alinhamento, identifica\u00e7\u00e3o e retirada de fios ca\u00eddos ou sem uso dos postes.<\/p>\n\n\n\n<p>O projeto, apresentado pelo vereador Jhonatas Monteiro (PSOL), determina que a Prefeitura de Feira de Santana notifique as empresas, solicitando a apresenta\u00e7\u00e3o de um plano de remo\u00e7\u00e3o em at\u00e9 30 dias.<\/p>\n\n\n\n<p>A multa prevista para o descumprimento da solicita\u00e7\u00e3o \u00e9 de R$ 5 mil. Ap\u00f3s a primeira multa, um prazo de mais 30 dias ser\u00e1 dado. Se a medida ainda assim n\u00e3o for cumprida, a multa aumentar\u00e1 R$ 20 mil a cada 30 dias.<\/p>\n\n\n\n<p>Jhonatas Monteiro justificou o projeto.&nbsp;<em>&#8220;\u00c9 inaceit\u00e1vel o n\u00edvel de desorganiza\u00e7\u00e3o e abandono praticado por concession\u00e1rias e prestadoras de servi\u00e7o no Munic\u00edpio, ap\u00f3s realizarem reparos, trocas e substitui\u00e7\u00f5es de fios. Os cabos desalinhados ou soltos, deixados pr\u00f3ximos a vias e cal\u00e7adas, al\u00e9m de implicarem em polui\u00e7\u00e3o visual, podem ocasionar acidentes de tr\u00e2nsito ou mesmo provocar inc\u00eandios\u201d<\/em>, disse.<\/p>\n\n\n\n<p>Fonte: Varela Net<\/p>\n","protected":false},"excerpt":{"rendered":"<p>A C\u00e2mara Municipal de Feira de Santana aprovou um projeto de lei que obriga as empresas de energia el\u00e9trica e empresas privadas que utilizam a rede a\u00e9rea do munic\u00edpio a realizar o alinhamento, identifica\u00e7\u00e3o e retirada de fios ca\u00eddos ou sem uso dos postes. O projeto, apresentado pelo vereador Jhonatas Monteiro (PSOL), determina que a [&hellip;]<\/p>\n","protected":false},"author":2,"featured_media":11577,"comment_status":"closed","ping_status":"open","sticky":false,"template":"","format":"standard","meta":{"footnotes":""},"categories":[85],"tags":[],"class_list":["post-11578","post","type-post","status-publish","format-standard","has-post-thumbnail","hentry","category-noticias"],"_links":{"self":[{"href":"https:\/\/suburbionoar.com.br\/index.php\/wp-json\/wp\/v2\/posts\/11578","targetHints":{"allow":["GET"]}}],"collection":[{"href":"https:\/\/suburbionoar.com.br\/index.php\/wp-json\/wp\/v2\/posts"}],"about":[{"href":"https:\/\/suburbionoar.com.br\/index.php\/wp-json\/wp\/v2\/types\/post"}],"author":[{"embeddable":true,"href":"https:\/\/suburbionoar.com.br\/index.php\/wp-json\/wp\/v2\/users\/2"}],"replies":[{"embeddable":true,"href":"https:\/\/suburbionoar.com.br\/index.php\/wp-json\/wp\/v2\/comments?post=11578"}],"version-history":[{"count":1,"href":"https:\/\/suburbionoar.com.br\/index.php\/wp-json\/wp\/v2\/posts\/11578\/revisions"}],"predecessor-version":[{"id":11579,"href":"https:\/\/suburbionoar.com.br\/index.php\/wp-json\/wp\/v2\/posts\/11578\/revisions\/11579"}],"wp:featuredmedia":[{"embeddable":true,"href":"https:\/\/suburbionoar.com.br\/index.php\/wp-json\/wp\/v2\/media\/11577"}],"wp:attachment":[{"href":"https:\/\/suburbionoar.com.br\/index.php\/wp-json\/wp\/v2\/media?parent=11578"}],"wp:term":[{"taxonomy":"category","embeddable":true,"href":"https:\/\/suburbionoar.com.br\/index.php\/wp-json\/wp\/v2\/categories?post=11578"},{"taxonomy":"post_tag","embeddable":true,"href":"https:\/\/suburbionoar.com.br\/index.php\/wp-json\/wp\/v2\/tags?post=11578"}],"curies":[{"name":"wp","href":"https:\/\/api.w.org\/{rel}","templated":true}]}}