{"id":11572,"date":"2024-12-30T12:52:11","date_gmt":"2024-12-30T15:52:11","guid":{"rendered":"https:\/\/suburbionoar.com.br\/?p=11572"},"modified":"2024-12-30T12:52:11","modified_gmt":"2024-12-30T15:52:11","slug":"virada-salvador-tem-reducao-de-846-no-numero-de-casos-de-seguranca","status":"publish","type":"post","link":"https:\/\/suburbionoar.com.br\/index.php\/2024\/12\/30\/virada-salvador-tem-reducao-de-846-no-numero-de-casos-de-seguranca\/","title":{"rendered":"Virada Salvador tem redu\u00e7\u00e3o de 84,6% no n\u00famero de casos de seguran\u00e7a"},"content":{"rendered":"\n<p>A terceira noite do&nbsp;Festival Virada Salvador 2025<a href=\"https:\/\/atarde.com.br\/?q=Festival+Virada+Salvador+2025&#038;d=1\">&nbsp;<\/a>consolidou a tend\u00eancia de um evento seguro, organizado e tranquilo na maior festa p\u00fablica de virada de ano do Brasil. O N\u00facleo de Estat\u00edsticas da Guarda Civil Municipal (GCM), registrou apenas quatro ocorr\u00eancias nas tr\u00eas primeiras noites de festa. O n\u00famero representa uma redu\u00e7\u00e3o de 84,6% dos casos, em rela\u00e7\u00e3o \u00e0 edi\u00e7\u00e3o passada.<\/p>\n\n\n\n<p>Os guardas municipais realizaram 181 atendimentos, em apoio a outros \u00f3rg\u00e3os. Foram localizados 61 documentos, uma redu\u00e7\u00e3o de 77,3% em compara\u00e7\u00e3o ao ano anterior. A Coordenadoria de A\u00e7\u00f5es de Preven\u00e7\u00e3o \u00e0 Viol\u00eancia da GCM promoveu a identifica\u00e7\u00e3o por pulseirinhas de 1.982 crian\u00e7as.<\/p>\n\n\n\n<p>Sa\u00fade&nbsp;<\/p>\n\n\n\n<p>No terceiro dia de Festival Virada Salvador 2025, os m\u00f3dulos assistenciais da Secretaria Municipal da Sa\u00fade (SMS) registraram 95 atendimentos. Destes, 92 foram casos cl\u00ednicos e sem gravidade, al\u00e9m de um atendimento ortop\u00e9dico, um cir\u00fargico e um de enfermagem. Nenhum paciente precisou ser transferido para unidades de sa\u00fade.<\/p>\n\n\n\n<p>As causas mais prevalentes de procura por atendimento nesses tr\u00eas dias de festas foram cefal\u00e9ia, seguido de n\u00e1useas\/v\u00f4mito, dor abdominal e lombalgia. De 27 a 29 de dezembro foram atendidas 248 pessoas nos m\u00f3dulos de sa\u00fade, sendo 93% dos casos sem gravidade.<\/p>\n\n\n\n<p>J\u00e1 a Vigil\u00e2ncia Sanit\u00e1ria de Salvador (Visa) inspecionou 184 servi\u00e7os, incluindo barracas de alimentos, food trucks, bares, camarotes e servi\u00e7os de sa\u00fade. Paralelamente \u00e0 fiscaliza\u00e7\u00e3o foram dadas orienta\u00e7\u00f5es sobre irregularidades detectadas, como o uso inadequado de utens\u00edlios, armazenamento impr\u00f3prio de alimentos e pr\u00e1ticas de manipula\u00e7\u00e3o que n\u00e3o atendiam aos padr\u00f5es exigidos. N\u00e3o houve interdi\u00e7\u00f5es nesta data.<\/p>\n\n\n\n<p>As fiscaliza\u00e7\u00f5es inclu\u00edram tr\u00eas camarotes, um servi\u00e7o de buffet, uma ambul\u00e2ncia, nove bares, nove lanchonetes, dois sanit\u00e1rios, dois postos m\u00e9dicos, dois m\u00f3dulos de sa\u00fade, 36 barracas, um balc\u00e3o e 17 food trucks. Al\u00e9m destes, foram fiscalizados um box de alimentos e 141 ambulantes.<\/p>\n\n\n\n<p>Foram realizadas 414 inspe\u00e7\u00f5es, com a maioria servi\u00e7os em total conformidade e os demais precisaram de pequenos ajustes nos protocolos, o que resultou em tr\u00eas dias de festa sem interdi\u00e7\u00f5es.<\/p>\n\n\n\n<p>No Salvador Acolhe, foram efetuados 14 atendimentos cl\u00ednicos, 15 odontol\u00f3gicos, dez crian\u00e7as realizaram antropometria (acompanhamento do desenvolvimento) para a atualiza\u00e7\u00e3o das condicionalidades do Bolsa Fam\u00edlia, al\u00e9m de administra\u00e7\u00e3o de medicamentos e curativo. Nos tr\u00eas dias de evento foram realizados 55 atendimentos multiprofissionais.<\/p>\n\n\n\n<p>Mulheres, inf\u00e2ncia e juventude&nbsp;<\/p>\n\n\n\n<p>Coordenado pela Secretaria Municipal de Pol\u00edticas para Mulheres, Inf\u00e2ncia e Juventude (SPMJ), o Centro de Acolhimento, Aprendizagem e Conviv\u00eancia \u2013 Salvador Acolhe recebeu 105 crian\u00e7as e adolescentes, sendo 89,5% negros, 51 do sexo feminino e 54 do sexo masculino. A maioria pertence \u00e0 faixa et\u00e1ria de 7 a 11 anos (46), seguidos das faixas et\u00e1rias de 0 a 3 anos (28), 12 a 17 anos (16) e 4 a 6 anos (15).<\/p>\n\n\n\n<p>Nove crian\u00e7as e adolescentes possuem espectro autista, tr\u00eas t\u00eam Transtorno Opositivo Desafiador (TOD) e um tem defici\u00eancia f\u00edsica (PCD). Dos acolhidos, 16 residem fora de Salvador, sendo 12 de Lauro de Freitas, dois de Serrinha, um de Feira de Santana e outro de Cama\u00e7ari.<\/p>\n\n\n\n<p>O Centro de Refer\u00eancia de Aten\u00e7\u00e3o \u00e0 Mulher (Cram) promoveu 260 atendimentos, sendo 239 informa\u00e7\u00f5es prestadas sobre direitos da mulher, e registrou cinco ocorr\u00eancias, sendo tr\u00eas de importuna\u00e7\u00e3o sexual e dois de agress\u00e3o f\u00edsica. Ainda, 16 mulheres relataram estar vivendo algum tipo de viol\u00eancia no cotidiano. As v\u00edtimas receberam suporte do servi\u00e7o.<\/p>\n\n\n\n<p>Assist\u00eancia social&nbsp;<\/p>\n\n\n\n<p>A Secretaria Municipal de Promo\u00e7\u00e3o Social, Combate \u00e0 Pobreza, Esportes e Lazer (Sempre), dentro do Programa de Erradica\u00e7\u00e3o do Trabalho Infantil (Peti) &#8211; Campanha Crian\u00e7a N\u00e3o \u00c9 M\u00e3o de Obra, realizou 585 abordagens no Festival Virada Salvador 2025. Foram registrados cinco casos de crian\u00e7as em situa\u00e7\u00e3o de vulnerabilidade, quatro em situa\u00e7\u00e3o de trabalho infantil e um de trabalho indecente. Sete cadastros foram realizados, um encaminhamento promovido para o Salvador Acolhe e 17 encaminhamentos diversos para os servi\u00e7os da Sempre e parceiros (Cras, Creas, Conselho Tutelar e outros.<\/p>\n\n\n\n<p>O Mirante Acess\u00edvel recebeu 49 pessoas. Destas, 29 foram pessoas com defici\u00eancia e 19 acompanhantes.<\/p>\n\n\n\n<p>Fonte: A Tarde<\/p>\n","protected":false},"excerpt":{"rendered":"<p>A terceira noite do&nbsp;Festival Virada Salvador 2025&nbsp;consolidou a tend\u00eancia de um evento seguro, organizado e tranquilo na maior festa p\u00fablica de virada de ano do Brasil. O N\u00facleo de Estat\u00edsticas da Guarda Civil Municipal (GCM), registrou apenas quatro ocorr\u00eancias nas tr\u00eas primeiras noites de festa. O n\u00famero representa uma redu\u00e7\u00e3o de 84,6% dos casos, em [&hellip;]<\/p>\n","protected":false},"author":2,"featured_media":11571,"comment_status":"closed","ping_status":"open","sticky":false,"template":"","format":"standard","meta":{"footnotes":""},"categories":[85],"tags":[],"class_list":["post-11572","post","type-post","status-publish","format-standard","has-post-thumbnail","hentry","category-noticias"],"_links":{"self":[{"href":"https:\/\/suburbionoar.com.br\/index.php\/wp-json\/wp\/v2\/posts\/11572","targetHints":{"allow":["GET"]}}],"collection":[{"href":"https:\/\/suburbionoar.com.br\/index.php\/wp-json\/wp\/v2\/posts"}],"about":[{"href":"https:\/\/suburbionoar.com.br\/index.php\/wp-json\/wp\/v2\/types\/post"}],"author":[{"embeddable":true,"href":"https:\/\/suburbionoar.com.br\/index.php\/wp-json\/wp\/v2\/users\/2"}],"replies":[{"embeddable":true,"href":"https:\/\/suburbionoar.com.br\/index.php\/wp-json\/wp\/v2\/comments?post=11572"}],"version-history":[{"count":1,"href":"https:\/\/suburbionoar.com.br\/index.php\/wp-json\/wp\/v2\/posts\/11572\/revisions"}],"predecessor-version":[{"id":11573,"href":"https:\/\/suburbionoar.com.br\/index.php\/wp-json\/wp\/v2\/posts\/11572\/revisions\/11573"}],"wp:featuredmedia":[{"embeddable":true,"href":"https:\/\/suburbionoar.com.br\/index.php\/wp-json\/wp\/v2\/media\/11571"}],"wp:attachment":[{"href":"https:\/\/suburbionoar.com.br\/index.php\/wp-json\/wp\/v2\/media?parent=11572"}],"wp:term":[{"taxonomy":"category","embeddable":true,"href":"https:\/\/suburbionoar.com.br\/index.php\/wp-json\/wp\/v2\/categories?post=11572"},{"taxonomy":"post_tag","embeddable":true,"href":"https:\/\/suburbionoar.com.br\/index.php\/wp-json\/wp\/v2\/tags?post=11572"}],"curies":[{"name":"wp","href":"https:\/\/api.w.org\/{rel}","templated":true}]}}