{"id":11566,"date":"2024-12-30T12:48:08","date_gmt":"2024-12-30T15:48:08","guid":{"rendered":"https:\/\/suburbionoar.com.br\/?p=11566"},"modified":"2024-12-30T12:48:08","modified_gmt":"2024-12-30T15:48:08","slug":"ex-ministros-da-justica-defendem-decreto-de-lula-sobre-forca-policial","status":"publish","type":"post","link":"https:\/\/suburbionoar.com.br\/index.php\/2024\/12\/30\/ex-ministros-da-justica-defendem-decreto-de-lula-sobre-forca-policial\/","title":{"rendered":"Ex-ministros da Justi\u00e7a defendem decreto de Lula sobre for\u00e7a policial"},"content":{"rendered":"\n<p>Ap\u00f3s os governadores do Nordeste defenderem o<a href=\"https:\/\/atarde.com.br\/?q=for%C3%A7a+policial&#038;d=1\">&nbsp;<\/a>decreto do presidente Lula que regulamenta o uso das for\u00e7as policiais, sete ex-ministros da Justi\u00e7a elaboraram um manifesto de apoio \u00e0 medida. A informa\u00e7\u00e3o \u00e9 da colunista M\u00f4nica Bergamo, da Folha de SP<\/p>\n\n\n\n<p>No documento, assinado pelos ex-ministros da Justi\u00e7a Aloysio Nunes Ferreira, Nelson Jobim e Miguel Reale Jr., que ocuparam o cargo nos governos de Fernando Henrique Cardoso, Tarso Genro, que foi ministro no primeiro governo de Lula, e Luiz Paulo Barreto e Jos\u00e9 Eduardo Cardoso, da gest\u00e3o Dilma Rousseff, e Raul Jungmann, ministro de Michel Temer, diz que o decreto representa uma evolu\u00e7\u00e3o significativa na credibilidade das institui\u00e7\u00f5es, sobretudo as policiais.<\/p>\n\n\n\n<p>&#8220;Ainda que o debate raso a respeito de uma suposta interfer\u00eancia de um ente sobre outro [como dizem os governadores] possa ressoar num ambiente de antagonismo pol\u00edtico, jamais poderia guiar a an\u00e1lise s\u00e9ria sobre o tema. Entendemos, com o devido acatamento, que as rea\u00e7\u00f5es exacerbadamente negativas ao texto podem ser fruto de um embate na arena pol\u00edtica ou mesmo de desconhecimento do inteiro teor do decreto&#8221;, afirmam os ex-ministros no manifesto.<\/p>\n\n\n\n<p>&#8220;Que reste claro para quem n\u00e3o leu o inteiro teor do decreto: n\u00e3o se est\u00e1 a defender criminosos! O que se visou, claramente, foi defender um modelo de seguran\u00e7a p\u00fablica moderno, com o respeito \u00e0 dignidade da pessoa humana e a promo\u00e7\u00e3o da justi\u00e7a social&#8221;, completam.<\/p>\n\n\n\n<p>A iniciativa \u00e9 uma resposta \u00e0 resist\u00eancia de governadores alinhados \u00e0 direita, que resistem \u00e0s medidas e afirmam que v\u00e3o ao Supremo Tribunal Federal (STF) para tentar derrub\u00e1-las.<\/p>\n\n\n\n<p>Para os governadores de S\u00e3o Paulo, Tarc\u00edsio de Freitas (Republicanos), de Goi\u00e1s, Ronaldo Caiado (Uni\u00e3o Brasil), do Distrito Federal, Ibaneis Rocha (MDB) e do Rio de Janeiro, Cl\u00e1udio Castro (PL), o governo tenta interferir nas pol\u00edticas de seguran\u00e7a dos estados ao determinar que recursos do Fundo Nacional de Seguran\u00e7a P\u00fablica (FNSP) s\u00f3 poder\u00e3o ser acessados por unidades federativas que cumpram as regras do decreto.<\/p>\n\n\n\n<p>Fonte: Varela Net<\/p>\n","protected":false},"excerpt":{"rendered":"<p>Ap\u00f3s os governadores do Nordeste defenderem o&nbsp;decreto do presidente Lula que regulamenta o uso das for\u00e7as policiais, sete ex-ministros da Justi\u00e7a elaboraram um manifesto de apoio \u00e0 medida. A informa\u00e7\u00e3o \u00e9 da colunista M\u00f4nica Bergamo, da Folha de SP No documento, assinado pelos ex-ministros da Justi\u00e7a Aloysio Nunes Ferreira, Nelson Jobim e Miguel Reale Jr., [&hellip;]<\/p>\n","protected":false},"author":2,"featured_media":11565,"comment_status":"closed","ping_status":"open","sticky":false,"template":"","format":"standard","meta":{"footnotes":""},"categories":[105],"tags":[],"class_list":["post-11566","post","type-post","status-publish","format-standard","has-post-thumbnail","hentry","category-policia"],"_links":{"self":[{"href":"https:\/\/suburbionoar.com.br\/index.php\/wp-json\/wp\/v2\/posts\/11566","targetHints":{"allow":["GET"]}}],"collection":[{"href":"https:\/\/suburbionoar.com.br\/index.php\/wp-json\/wp\/v2\/posts"}],"about":[{"href":"https:\/\/suburbionoar.com.br\/index.php\/wp-json\/wp\/v2\/types\/post"}],"author":[{"embeddable":true,"href":"https:\/\/suburbionoar.com.br\/index.php\/wp-json\/wp\/v2\/users\/2"}],"replies":[{"embeddable":true,"href":"https:\/\/suburbionoar.com.br\/index.php\/wp-json\/wp\/v2\/comments?post=11566"}],"version-history":[{"count":1,"href":"https:\/\/suburbionoar.com.br\/index.php\/wp-json\/wp\/v2\/posts\/11566\/revisions"}],"predecessor-version":[{"id":11567,"href":"https:\/\/suburbionoar.com.br\/index.php\/wp-json\/wp\/v2\/posts\/11566\/revisions\/11567"}],"wp:featuredmedia":[{"embeddable":true,"href":"https:\/\/suburbionoar.com.br\/index.php\/wp-json\/wp\/v2\/media\/11565"}],"wp:attachment":[{"href":"https:\/\/suburbionoar.com.br\/index.php\/wp-json\/wp\/v2\/media?parent=11566"}],"wp:term":[{"taxonomy":"category","embeddable":true,"href":"https:\/\/suburbionoar.com.br\/index.php\/wp-json\/wp\/v2\/categories?post=11566"},{"taxonomy":"post_tag","embeddable":true,"href":"https:\/\/suburbionoar.com.br\/index.php\/wp-json\/wp\/v2\/tags?post=11566"}],"curies":[{"name":"wp","href":"https:\/\/api.w.org\/{rel}","templated":true}]}}