{"id":11557,"date":"2024-12-27T12:31:00","date_gmt":"2024-12-27T15:31:00","guid":{"rendered":"https:\/\/suburbionoar.com.br\/?p=11557"},"modified":"2024-12-27T12:31:00","modified_gmt":"2024-12-27T15:31:00","slug":"pesquisa-revela-que-aproximadamente-49-dos-brasileiros-acreditam-que-o-pais-vai-melhorar-em-2025","status":"publish","type":"post","link":"https:\/\/suburbionoar.com.br\/index.php\/2024\/12\/27\/pesquisa-revela-que-aproximadamente-49-dos-brasileiros-acreditam-que-o-pais-vai-melhorar-em-2025\/","title":{"rendered":"Pesquisa revela que aproximadamente 49% dos brasileiros acreditam que o pa\u00eds vai melhorar em 2025"},"content":{"rendered":"\n<p>Uma pesquisa da Federa\u00e7\u00e3o Brasileira de Bancos (Febraban) revelou que 49% dos entrevistados acreditam que o Brasil vai melhorar em 2025. Este n\u00famero \u00e9 igual ao registrado em outubro, mas dez pontos menor do que o de dezembro do ano passado, quando chegou a 59%. Em contrapartida, a percentagem dos que acreditam que o pa\u00eds vai piorar subiu de 23% em outubro para 28% em dezembro, 11 pontos acima do mesmo per\u00edodo do ano anterior.<\/p>\n\n\n\n<p>O levantamento, divulgado nesta quinta-feira (26), foi conduzido pelo Instituto de Pesquisas Sociais, Pol\u00edticas e Econ\u00f4micas (Ipespe) entre os dias 5 e 9 de dezembro, com 2 mil pessoas nas cinco regi\u00f5es do Brasil. A pesquisa tamb\u00e9m mostrou que a maioria (66%) acredita que o pa\u00eds melhorou em 2024 (40%) ou ficou igual (26%) em rela\u00e7\u00e3o a 2023. No entanto, essa percep\u00e7\u00e3o \u00e9 menor do que em dezembro de 2023, quando 79% pensavam o mesmo.<\/p>\n\n\n\n<p>Segundo o soci\u00f3logo e cientista pol\u00edtico Antonio Lavareda, presidente do Conselho Cient\u00edfico do Ipespe, o ano de 2024 trouxe sentimentos mistos de otimismo e cautela. A alta do emprego teve um impacto positivo, mas fatores como a seca, queimadas e a alta da Selic, dos juros e da infla\u00e7\u00e3o influenciaram negativamente a percep\u00e7\u00e3o da popula\u00e7\u00e3o.<\/p>\n\n\n\n<p>Fonte: Varela Net<\/p>\n","protected":false},"excerpt":{"rendered":"<p>Uma pesquisa da Federa\u00e7\u00e3o Brasileira de Bancos (Febraban) revelou que 49% dos entrevistados acreditam que o Brasil vai melhorar em 2025. Este n\u00famero \u00e9 igual ao registrado em outubro, mas dez pontos menor do que o de dezembro do ano passado, quando chegou a 59%. Em contrapartida, a percentagem dos que acreditam que o pa\u00eds [&hellip;]<\/p>\n","protected":false},"author":2,"featured_media":11556,"comment_status":"closed","ping_status":"open","sticky":false,"template":"","format":"standard","meta":{"footnotes":""},"categories":[85],"tags":[],"class_list":["post-11557","post","type-post","status-publish","format-standard","has-post-thumbnail","hentry","category-noticias"],"_links":{"self":[{"href":"https:\/\/suburbionoar.com.br\/index.php\/wp-json\/wp\/v2\/posts\/11557","targetHints":{"allow":["GET"]}}],"collection":[{"href":"https:\/\/suburbionoar.com.br\/index.php\/wp-json\/wp\/v2\/posts"}],"about":[{"href":"https:\/\/suburbionoar.com.br\/index.php\/wp-json\/wp\/v2\/types\/post"}],"author":[{"embeddable":true,"href":"https:\/\/suburbionoar.com.br\/index.php\/wp-json\/wp\/v2\/users\/2"}],"replies":[{"embeddable":true,"href":"https:\/\/suburbionoar.com.br\/index.php\/wp-json\/wp\/v2\/comments?post=11557"}],"version-history":[{"count":1,"href":"https:\/\/suburbionoar.com.br\/index.php\/wp-json\/wp\/v2\/posts\/11557\/revisions"}],"predecessor-version":[{"id":11558,"href":"https:\/\/suburbionoar.com.br\/index.php\/wp-json\/wp\/v2\/posts\/11557\/revisions\/11558"}],"wp:featuredmedia":[{"embeddable":true,"href":"https:\/\/suburbionoar.com.br\/index.php\/wp-json\/wp\/v2\/media\/11556"}],"wp:attachment":[{"href":"https:\/\/suburbionoar.com.br\/index.php\/wp-json\/wp\/v2\/media?parent=11557"}],"wp:term":[{"taxonomy":"category","embeddable":true,"href":"https:\/\/suburbionoar.com.br\/index.php\/wp-json\/wp\/v2\/categories?post=11557"},{"taxonomy":"post_tag","embeddable":true,"href":"https:\/\/suburbionoar.com.br\/index.php\/wp-json\/wp\/v2\/tags?post=11557"}],"curies":[{"name":"wp","href":"https:\/\/api.w.org\/{rel}","templated":true}]}}