{"id":11177,"date":"2024-12-04T14:28:13","date_gmt":"2024-12-04T17:28:13","guid":{"rendered":"https:\/\/suburbionoar.com.br\/?p=11177"},"modified":"2024-12-04T14:28:13","modified_gmt":"2024-12-04T17:28:13","slug":"operacao-verao-2025-e-lancada-com-reforco-policial-novos-veiculos-e-armamentos","status":"publish","type":"post","link":"https:\/\/suburbionoar.com.br\/index.php\/2024\/12\/04\/operacao-verao-2025-e-lancada-com-reforco-policial-novos-veiculos-e-armamentos\/","title":{"rendered":"Opera\u00e7\u00e3o Ver\u00e3o 2025 \u00e9 lan\u00e7ada com refor\u00e7o policial, novos ve\u00edculos e armamentos"},"content":{"rendered":"\n<p>A Opera\u00e7\u00e3o Ver\u00e3o 2024\/2025, com foco na seguran\u00e7a de baianos e turistas durante a esta\u00e7\u00e3o mais festiva do ano, foi lan\u00e7ada nesta quarta-feira (4). Durante o lan\u00e7amento, foram entregues viaturas, armamentos e equipamentos para as for\u00e7as de seguran\u00e7a do estado. A intensifica\u00e7\u00e3o do policiamento vai alcan\u00e7ar \u00e1reas tur\u00edsticas e praias, em especial nos finais de semana e feriados, em Salvador e interior da Bahia.<br \/><br \/>Aproximadamente 9.500 policiais militares, 800 bombeiros e 2892 policiais civis, al\u00e9m de profissionais do Departamento de Pol\u00edcia T\u00e9cnica (DPT) v\u00e3o atuar, em regime de servi\u00e7o extraordin\u00e1rio, at\u00e9 6 de abril de 2025. O refor\u00e7o no efetivo vai ser feito com a presen\u00e7a de agentes de unidades do interior e, tamb\u00e9m, policiais que est\u00e3o de folga, com pagamento de plant\u00f5es extras. O investimento do governo estadual representa R$ 7,2 milh\u00f5es.<\/p>\n\n\n\n<p>Cerca de R$ 15,7 milh\u00f5es foram destinados para aquisi\u00e7\u00e3o de novos ve\u00edculos e equipamentos. Ao todo, foram adquiridas 200 viaturas, sendo 180 motocicletas, sete caminhonetes, quatro carros, quatro quadriciclos e cinco bases m\u00f3veis para a Pol\u00edcia Militar (PMBA). Tamb\u00e9m foram entregues 727 fuzis e 1798 coletes, que somam R$ 3,6 milh\u00f5es.<\/p>\n\n\n\n<p>Fonte: Varela Net<\/p>\n","protected":false},"excerpt":{"rendered":"<p>A Opera\u00e7\u00e3o Ver\u00e3o 2024\/2025, com foco na seguran\u00e7a de baianos e turistas durante a esta\u00e7\u00e3o mais festiva do ano, foi lan\u00e7ada nesta quarta-feira (4). Durante o lan\u00e7amento, foram entregues viaturas, armamentos e equipamentos para as for\u00e7as de seguran\u00e7a do estado. A intensifica\u00e7\u00e3o do policiamento vai alcan\u00e7ar \u00e1reas tur\u00edsticas e praias, em especial nos finais de [&hellip;]<\/p>\n","protected":false},"author":2,"featured_media":11176,"comment_status":"closed","ping_status":"open","sticky":false,"template":"","format":"standard","meta":{"footnotes":""},"categories":[85],"tags":[],"class_list":["post-11177","post","type-post","status-publish","format-standard","has-post-thumbnail","hentry","category-noticias"],"_links":{"self":[{"href":"https:\/\/suburbionoar.com.br\/index.php\/wp-json\/wp\/v2\/posts\/11177","targetHints":{"allow":["GET"]}}],"collection":[{"href":"https:\/\/suburbionoar.com.br\/index.php\/wp-json\/wp\/v2\/posts"}],"about":[{"href":"https:\/\/suburbionoar.com.br\/index.php\/wp-json\/wp\/v2\/types\/post"}],"author":[{"embeddable":true,"href":"https:\/\/suburbionoar.com.br\/index.php\/wp-json\/wp\/v2\/users\/2"}],"replies":[{"embeddable":true,"href":"https:\/\/suburbionoar.com.br\/index.php\/wp-json\/wp\/v2\/comments?post=11177"}],"version-history":[{"count":1,"href":"https:\/\/suburbionoar.com.br\/index.php\/wp-json\/wp\/v2\/posts\/11177\/revisions"}],"predecessor-version":[{"id":11178,"href":"https:\/\/suburbionoar.com.br\/index.php\/wp-json\/wp\/v2\/posts\/11177\/revisions\/11178"}],"wp:featuredmedia":[{"embeddable":true,"href":"https:\/\/suburbionoar.com.br\/index.php\/wp-json\/wp\/v2\/media\/11176"}],"wp:attachment":[{"href":"https:\/\/suburbionoar.com.br\/index.php\/wp-json\/wp\/v2\/media?parent=11177"}],"wp:term":[{"taxonomy":"category","embeddable":true,"href":"https:\/\/suburbionoar.com.br\/index.php\/wp-json\/wp\/v2\/categories?post=11177"},{"taxonomy":"post_tag","embeddable":true,"href":"https:\/\/suburbionoar.com.br\/index.php\/wp-json\/wp\/v2\/tags?post=11177"}],"curies":[{"name":"wp","href":"https:\/\/api.w.org\/{rel}","templated":true}]}}