{"id":10991,"date":"2024-11-27T11:33:29","date_gmt":"2024-11-27T14:33:29","guid":{"rendered":"https:\/\/suburbionoar.com.br\/?p=10991"},"modified":"2024-11-27T11:33:29","modified_gmt":"2024-11-27T14:33:29","slug":"alerrandro-entra-na-lista-de-maiores-artiheiros-do-vitoria-na-decada","status":"publish","type":"post","link":"https:\/\/suburbionoar.com.br\/index.php\/2024\/11\/27\/alerrandro-entra-na-lista-de-maiores-artiheiros-do-vitoria-na-decada\/","title":{"rendered":"Alerrandro entra na lista de maiores artiheiros do Vit\u00f3ria na d\u00e9cada"},"content":{"rendered":"\n<p>Em grande fase como jogador e vestindo a camisa do&nbsp;Vit\u00f3ria, Alerrandro j\u00e1 faz a melhor temporada da carreira. Os n\u00fameros fizeram com que o centroavante entrasse no top-3 dos artilheiros do Le\u00e3o na \u00faltima d\u00e9cada.<\/p>\n\n\n\n<p>Somando Campeonato Baiano, Copa do Nordeste e Brasileir\u00e3o, o camisa 9 chegou as 24 participa\u00e7\u00f5es em gols no ano. No s\u00e1bado, 23, diante do Botafogo, Alerrandro marcou o 17\u00ba gol da temporada, sendo fundamental para a conquista de um ponto fora de casa.<\/p>\n\n\n\n<p>No recorte de uma \u00fanica temporada, o centroavante s\u00f3 fica atr\u00e1s de Neilton, Marinho e L\u00e9o Cear\u00e1, contabilizando ap\u00f3s 2015. Por\u00e9m, vale lembrar que, com quatro gols atr\u00e1s do primeiro colocado, Alerrandro ainda tem mais tr\u00eas jogos antes do fim da temporada, podendo subir na lista.&nbsp;<\/p>\n\n\n\n<p>Marinho (2016) e Neilton (2018): 21 gols<br \/>L\u00e9o Cear\u00e1 (2020): 20 gols<br \/>Alerrandro (2024): 17 gols<\/p>\n\n\n\n<p>Em rela\u00e7\u00e3o aos outros atletas que passaram pelo Vit\u00f3ria, o camisa 9 tem a vantagem dos gols do Brasileir\u00e3o, com 11 at\u00e9 o momento. As participa\u00e7\u00f5es colocam Alerrandro na 2\u00aa posi\u00e7\u00e3o de 2024, ficando atr\u00e1s apenas de Estev\u00e3o, do Palmeiras, com 11 bolas na rede.<\/p>\n\n\n\n<p>Desde o in\u00edcio do campeonato no formato de pontos corridos, que iniciou em 2003, Alerrandro tamb\u00e9m tem uma \u00f3tima participa\u00e7\u00e3o, sendo o 4\u00ba principal artilheiro, tamb\u00e9m podendo subir na lista. O jogador s\u00f3 fica atr\u00e1s de Dinei, com 16 gols em 2013, Roger, com 15 gols em 2009, e Marinho, com 12 gols em 2016.&nbsp;<\/p>\n\n\n\n<p>Com os bons n\u00fameros, o Vit\u00f3ria busca a perman\u00eancia do goleador, que est\u00e1 emprestado pelo Bragantino. O clube busca estender o v\u00ednculo, que encerra em dezembro deste ano.<\/p>\n\n\n\n<p>Buscando ampliar os bons n\u00fameros, o camisa 9 entra em campo neste domingo, 1, contra o Fortaleza, pela 36\u00aa rodada do Brasileir\u00e3o S\u00e9rie A. A partida ser\u00e1 no Barrad\u00e3o, com in\u00edcio para \u00e0s 18h30.&nbsp;<\/p>\n\n\n\n<p>Fonte: Varela Net<\/p>\n","protected":false},"excerpt":{"rendered":"<p>Em grande fase como jogador e vestindo a camisa do&nbsp;Vit\u00f3ria, Alerrandro j\u00e1 faz a melhor temporada da carreira. Os n\u00fameros fizeram com que o centroavante entrasse no top-3 dos artilheiros do Le\u00e3o na \u00faltima d\u00e9cada. Somando Campeonato Baiano, Copa do Nordeste e Brasileir\u00e3o, o camisa 9 chegou as 24 participa\u00e7\u00f5es em gols no ano. No [&hellip;]<\/p>\n","protected":false},"author":2,"featured_media":10990,"comment_status":"closed","ping_status":"open","sticky":false,"template":"","format":"standard","meta":{"footnotes":""},"categories":[89],"tags":[],"class_list":["post-10991","post","type-post","status-publish","format-standard","has-post-thumbnail","hentry","category-esportes"],"_links":{"self":[{"href":"https:\/\/suburbionoar.com.br\/index.php\/wp-json\/wp\/v2\/posts\/10991","targetHints":{"allow":["GET"]}}],"collection":[{"href":"https:\/\/suburbionoar.com.br\/index.php\/wp-json\/wp\/v2\/posts"}],"about":[{"href":"https:\/\/suburbionoar.com.br\/index.php\/wp-json\/wp\/v2\/types\/post"}],"author":[{"embeddable":true,"href":"https:\/\/suburbionoar.com.br\/index.php\/wp-json\/wp\/v2\/users\/2"}],"replies":[{"embeddable":true,"href":"https:\/\/suburbionoar.com.br\/index.php\/wp-json\/wp\/v2\/comments?post=10991"}],"version-history":[{"count":1,"href":"https:\/\/suburbionoar.com.br\/index.php\/wp-json\/wp\/v2\/posts\/10991\/revisions"}],"predecessor-version":[{"id":10992,"href":"https:\/\/suburbionoar.com.br\/index.php\/wp-json\/wp\/v2\/posts\/10991\/revisions\/10992"}],"wp:featuredmedia":[{"embeddable":true,"href":"https:\/\/suburbionoar.com.br\/index.php\/wp-json\/wp\/v2\/media\/10990"}],"wp:attachment":[{"href":"https:\/\/suburbionoar.com.br\/index.php\/wp-json\/wp\/v2\/media?parent=10991"}],"wp:term":[{"taxonomy":"category","embeddable":true,"href":"https:\/\/suburbionoar.com.br\/index.php\/wp-json\/wp\/v2\/categories?post=10991"},{"taxonomy":"post_tag","embeddable":true,"href":"https:\/\/suburbionoar.com.br\/index.php\/wp-json\/wp\/v2\/tags?post=10991"}],"curies":[{"name":"wp","href":"https:\/\/api.w.org\/{rel}","templated":true}]}}