{"id":10876,"date":"2024-11-21T14:08:31","date_gmt":"2024-11-21T17:08:31","guid":{"rendered":"https:\/\/suburbionoar.com.br\/?p=10876"},"modified":"2024-11-21T14:08:33","modified_gmt":"2024-11-21T17:08:33","slug":"acoes-em-presidios-levam-tranquilidade-as-ruas-diz-comandante-da-pm","status":"publish","type":"post","link":"https:\/\/suburbionoar.com.br\/index.php\/2024\/11\/21\/acoes-em-presidios-levam-tranquilidade-as-ruas-diz-comandante-da-pm\/","title":{"rendered":"&#8220;A\u00e7\u00f5es em pres\u00eddios levam tranquilidade \u00e0s ruas&#8221;, diz comandante da PM"},"content":{"rendered":"\n<p>O&nbsp;Comandante Geral da Pol\u00edcia Militar da Bahia,&nbsp;Coronel Paulo Coutinho, concedeu entrevista nesta quinta-feira, 21,&nbsp;durante a coletiva de Balan\u00e7o das A\u00e7\u00f5es Policiais e de Bombeiros, realizada no Centro de Opera\u00e7\u00f5es e Intelig\u00eancia (COI), no CAB. Na ocasi\u00e3o, ele abordou as estrat\u00e9gias de seguran\u00e7a p\u00fablica voltadas para os complexos penais do estado. Segundo o comandante, o monitoramento e a fiscaliza\u00e7\u00e3o intensa dentro dos pres\u00eddios t\u00eam sido essenciais para a redu\u00e7\u00e3o da criminalidade nas ruas.<\/p>\n\n\n\n<p>&#8220;O corte da comunica\u00e7\u00e3o dos estabelecimentos prisionais nos facilita, sobretudo, no controle da criminalidade nas ruas. E eu costumo dizer, uso uma frase: a seguran\u00e7a p\u00fablica come\u00e7a dentro do pres\u00eddio, a partir do momento em que \u00e9 feita uma fiscaliza\u00e7\u00e3o intensa, onde informa\u00e7\u00f5es dos internos n\u00e3o chegam ao ambiente extramuros. Isso tem sido feito com muito compromisso e responsabilidade pelo sistema de seguran\u00e7a p\u00fablica da Bahia, aliado n\u00e3o s\u00f3 \u00e0 Secretaria de Seguran\u00e7a P\u00fablica, mas tamb\u00e9m \u00e0 Secretaria de Administra\u00e7\u00e3o Prisional, por meio de um prof\u00edcuo trabalho conduzido pelo secret\u00e1rio Jos\u00e9 Carlos, que tem realizado revistas constantes nos estabelecimentos prisionais do Estado. A Pol\u00edcia Militar tem apoiado a Pol\u00edcia Penal nesse desiderato maior, que \u00e9 levar tranquilidade \u00e0s ruas&#8221;, afirmou Coutinho. <\/p>\n\n\n\n<p>Ele ressaltou tamb\u00e9m a efic\u00e1cia de a\u00e7\u00f5es como a opera\u00e7\u00e3o Angerona, realizada recentemente em Feira de Santana, que resultou na diminui\u00e7\u00e3o significativa de crimes violentos letais intencionais. &#8220;J\u00e1 temos levantamentos estat\u00edsticos que mostram que, toda vez que acionamos esse tipo de procedimento, como foi recentemente na opera\u00e7\u00e3o Angerona, em Feira de Santana, a redu\u00e7\u00e3o dos Crimes Violentos Letais Intencionais \u00e9 dr\u00e1stica. E \u00e9 isso que objetivamos: sempre tranquilizar a popula\u00e7\u00e3o e levar essa tranquilidade \u00e0s ruas&#8221;.<\/p>\n\n\n\n<p>Outro ponto destacado pelo comandante foi a atua\u00e7\u00e3o da Pol\u00edcia Militar em ocorr\u00eancias cr\u00edticas, como situa\u00e7\u00f5es de tomada de ref\u00e9ns, a exem. Ele explicou que esses epis\u00f3dios geralmente ocorrem ap\u00f3s a presen\u00e7a policial, sendo uma tentativa dos criminosos de preservar suas vidas. &#8220;Isso demonstra que estamos presentes. A Pol\u00edcia Militar est\u00e1 presente de maneira intensiva e ostensiva. Por isso, em situa\u00e7\u00f5es de tomada de ref\u00e9m, essa ocorr\u00eancia geralmente surge ap\u00f3s uma a\u00e7\u00e3o policial. Quando existe a presen\u00e7a da Pol\u00edcia, o criminoso toma algu\u00e9m como ref\u00e9m para garantir a pr\u00f3pria vida. Foi isso que aconteceu no Planeta dos Macacos. Felizmente, a ocorr\u00eancia foi finalizada com \u00eaxito, com a libera\u00e7\u00e3o da v\u00edtima, a apreens\u00e3o do armamento e o criminoso conduzido \u00e0 delegacia para ser autuado em flagrante&#8221;.<\/p>\n\n\n\n<p>O Coronel Paulo Coutinho refor\u00e7ou o compromisso das for\u00e7as de seguran\u00e7a em garantir a ordem e a tranquilidade para a popula\u00e7\u00e3o baiana, mostrando resultados concretos das a\u00e7\u00f5es integradas entre a Pol\u00edcia Militar e outros \u00f3rg\u00e3os do sistema de justi\u00e7a.<\/p>\n\n\n\n<p>Fonte: A Tarde <\/p>\n","protected":false},"excerpt":{"rendered":"<p>O&nbsp;Comandante Geral da Pol\u00edcia Militar da Bahia,&nbsp;Coronel Paulo Coutinho, concedeu entrevista nesta quinta-feira, 21,&nbsp;durante a coletiva de Balan\u00e7o das A\u00e7\u00f5es Policiais e de Bombeiros, realizada no Centro de Opera\u00e7\u00f5es e Intelig\u00eancia (COI), no CAB. Na ocasi\u00e3o, ele abordou as estrat\u00e9gias de seguran\u00e7a p\u00fablica voltadas para os complexos penais do estado. Segundo o comandante, o monitoramento [&hellip;]<\/p>\n","protected":false},"author":2,"featured_media":10877,"comment_status":"open","ping_status":"open","sticky":false,"template":"","format":"standard","meta":{"footnotes":""},"categories":[105],"tags":[],"class_list":["post-10876","post","type-post","status-publish","format-standard","has-post-thumbnail","hentry","category-policia"],"_links":{"self":[{"href":"https:\/\/suburbionoar.com.br\/index.php\/wp-json\/wp\/v2\/posts\/10876","targetHints":{"allow":["GET"]}}],"collection":[{"href":"https:\/\/suburbionoar.com.br\/index.php\/wp-json\/wp\/v2\/posts"}],"about":[{"href":"https:\/\/suburbionoar.com.br\/index.php\/wp-json\/wp\/v2\/types\/post"}],"author":[{"embeddable":true,"href":"https:\/\/suburbionoar.com.br\/index.php\/wp-json\/wp\/v2\/users\/2"}],"replies":[{"embeddable":true,"href":"https:\/\/suburbionoar.com.br\/index.php\/wp-json\/wp\/v2\/comments?post=10876"}],"version-history":[{"count":1,"href":"https:\/\/suburbionoar.com.br\/index.php\/wp-json\/wp\/v2\/posts\/10876\/revisions"}],"predecessor-version":[{"id":10878,"href":"https:\/\/suburbionoar.com.br\/index.php\/wp-json\/wp\/v2\/posts\/10876\/revisions\/10878"}],"wp:featuredmedia":[{"embeddable":true,"href":"https:\/\/suburbionoar.com.br\/index.php\/wp-json\/wp\/v2\/media\/10877"}],"wp:attachment":[{"href":"https:\/\/suburbionoar.com.br\/index.php\/wp-json\/wp\/v2\/media?parent=10876"}],"wp:term":[{"taxonomy":"category","embeddable":true,"href":"https:\/\/suburbionoar.com.br\/index.php\/wp-json\/wp\/v2\/categories?post=10876"},{"taxonomy":"post_tag","embeddable":true,"href":"https:\/\/suburbionoar.com.br\/index.php\/wp-json\/wp\/v2\/tags?post=10876"}],"curies":[{"name":"wp","href":"https:\/\/api.w.org\/{rel}","templated":true}]}}