{"id":10867,"date":"2024-11-21T11:16:13","date_gmt":"2024-11-21T14:16:13","guid":{"rendered":"https:\/\/suburbionoar.com.br\/?p=10867"},"modified":"2024-11-21T11:16:14","modified_gmt":"2024-11-21T14:16:14","slug":"temer-se-posiciona-sobre-o-fim-da-escala-6x1","status":"publish","type":"post","link":"https:\/\/suburbionoar.com.br\/index.php\/2024\/11\/21\/temer-se-posiciona-sobre-o-fim-da-escala-6x1\/","title":{"rendered":"Temer se posiciona sobre o fim da escala 6&#215;1"},"content":{"rendered":"\n<p>Nesta segunda-feira (18), o ex-presidente da Rep\u00fablica, Michel Temer, falou ser a favor de uma discuss\u00e3o para o fim da escala 6&#215;1.<\/p>\n\n\n\n<p>\u201cAcho que 6\u00d71, com toda franqueza, \u00e9 um pouco de exagero\u201d, disse em coletiva \u00e0 imprensa.<\/p>\n\n\n\n<p>&nbsp;\u201cA discuss\u00e3o \u00e9 v\u00e1lida, sem d\u00favida alguma, agora onde se vai chegar, eu n\u00e3o saberia dizer\u201d concluiu.&nbsp;<\/p>\n\n\n\n<p>Como deputado, Michel Temer j\u00e1 apresentou uma proposta de emenda constitucional para reduzir a carga horaria semanal para 42 horas.<\/p>\n\n\n\n<p>Fonte: Varela Net <\/p>\n","protected":false},"excerpt":{"rendered":"<p>Nesta segunda-feira (18), o ex-presidente da Rep\u00fablica, Michel Temer, falou ser a favor de uma discuss\u00e3o para o fim da escala 6&#215;1. \u201cAcho que 6\u00d71, com toda franqueza, \u00e9 um pouco de exagero\u201d, disse em coletiva \u00e0 imprensa. &nbsp;\u201cA discuss\u00e3o \u00e9 v\u00e1lida, sem d\u00favida alguma, agora onde se vai chegar, eu n\u00e3o saberia dizer\u201d concluiu.&nbsp; [&hellip;]<\/p>\n","protected":false},"author":2,"featured_media":10868,"comment_status":"open","ping_status":"open","sticky":false,"template":"","format":"standard","meta":{"footnotes":""},"categories":[91],"tags":[],"class_list":["post-10867","post","type-post","status-publish","format-standard","has-post-thumbnail","hentry","category-politica"],"_links":{"self":[{"href":"https:\/\/suburbionoar.com.br\/index.php\/wp-json\/wp\/v2\/posts\/10867","targetHints":{"allow":["GET"]}}],"collection":[{"href":"https:\/\/suburbionoar.com.br\/index.php\/wp-json\/wp\/v2\/posts"}],"about":[{"href":"https:\/\/suburbionoar.com.br\/index.php\/wp-json\/wp\/v2\/types\/post"}],"author":[{"embeddable":true,"href":"https:\/\/suburbionoar.com.br\/index.php\/wp-json\/wp\/v2\/users\/2"}],"replies":[{"embeddable":true,"href":"https:\/\/suburbionoar.com.br\/index.php\/wp-json\/wp\/v2\/comments?post=10867"}],"version-history":[{"count":1,"href":"https:\/\/suburbionoar.com.br\/index.php\/wp-json\/wp\/v2\/posts\/10867\/revisions"}],"predecessor-version":[{"id":10869,"href":"https:\/\/suburbionoar.com.br\/index.php\/wp-json\/wp\/v2\/posts\/10867\/revisions\/10869"}],"wp:featuredmedia":[{"embeddable":true,"href":"https:\/\/suburbionoar.com.br\/index.php\/wp-json\/wp\/v2\/media\/10868"}],"wp:attachment":[{"href":"https:\/\/suburbionoar.com.br\/index.php\/wp-json\/wp\/v2\/media?parent=10867"}],"wp:term":[{"taxonomy":"category","embeddable":true,"href":"https:\/\/suburbionoar.com.br\/index.php\/wp-json\/wp\/v2\/categories?post=10867"},{"taxonomy":"post_tag","embeddable":true,"href":"https:\/\/suburbionoar.com.br\/index.php\/wp-json\/wp\/v2\/tags?post=10867"}],"curies":[{"name":"wp","href":"https:\/\/api.w.org\/{rel}","templated":true}]}}