{"id":10829,"date":"2024-11-12T15:13:34","date_gmt":"2024-11-12T18:13:34","guid":{"rendered":"https:\/\/suburbionoar.com.br\/?p=10829"},"modified":"2024-11-12T15:13:34","modified_gmt":"2024-11-12T18:13:34","slug":"dos-39-deputados-federais-baianos-apenas-12-assinaram-a-pec-do-fim-da-escala-6x1","status":"publish","type":"post","link":"https:\/\/suburbionoar.com.br\/index.php\/2024\/11\/12\/dos-39-deputados-federais-baianos-apenas-12-assinaram-a-pec-do-fim-da-escala-6x1\/","title":{"rendered":"Dos 39 deputados federais baianos, apenas 12 assinaram a PEC do fim da escala 6&#215;1"},"content":{"rendered":"\n<p>Apenas 12 deputados baianos assinaram a Proposta de Emenda \u00e0 Constitui\u00e7\u00e3o, de autoria de Erika Hilton (PSOL-SP), contra a jornada de trabalho 6&#215;1.&nbsp;<\/p>\n\n\n\n<p>Para come\u00e7ar a tramitar no Congresso, \u00e9 necess\u00e1rio que a PEC tenha, no m\u00ednimo 171 assinaturas. Veja a lista dos deputados baianos que assinaram a proposta.<\/p>\n\n\n\n<p>Elisangela Araujo (PT);<\/p>\n\n\n\n<p>Ivoneide Caetano (PT);<\/p>\n\n\n\n<p>Jorge Solla (PT);<\/p>\n\n\n\n<p>Joseildo Ramos (PT);<\/p>\n\n\n\n<p>Josias Gomes (PT);<\/p>\n\n\n\n<p>Valmir Assun\u00e7\u00e3o (PT);<\/p>\n\n\n\n<p>Waldenor Pereira (PT);<\/p>\n\n\n\n<p>Alice Portugal (PCdoB);<\/p>\n\n\n\n<p>Daniel Almeida (PCdoB);<\/p>\n\n\n\n<p>L\u00eddice da Mata (PSB);<\/p>\n\n\n\n<p>Bacelar (PV);<\/p>\n\n\n\n<p>Pastor Sargento Isid\u00f3rio (Avante).&nbsp;<\/p>\n\n\n\n<p><\/p>\n\n\n\n<p>Fonte: Varela Net<\/p>\n","protected":false},"excerpt":{"rendered":"<p>Apenas 12 deputados baianos assinaram a Proposta de Emenda \u00e0 Constitui\u00e7\u00e3o, de autoria de Erika Hilton (PSOL-SP), contra a jornada de trabalho 6&#215;1.&nbsp; Para come\u00e7ar a tramitar no Congresso, \u00e9 necess\u00e1rio que a PEC tenha, no m\u00ednimo 171 assinaturas. Veja a lista dos deputados baianos que assinaram a proposta. Elisangela Araujo (PT); Ivoneide Caetano (PT); [&hellip;]<\/p>\n","protected":false},"author":2,"featured_media":10828,"comment_status":"closed","ping_status":"open","sticky":false,"template":"","format":"standard","meta":{"footnotes":""},"categories":[91],"tags":[],"class_list":["post-10829","post","type-post","status-publish","format-standard","has-post-thumbnail","hentry","category-politica"],"_links":{"self":[{"href":"https:\/\/suburbionoar.com.br\/index.php\/wp-json\/wp\/v2\/posts\/10829","targetHints":{"allow":["GET"]}}],"collection":[{"href":"https:\/\/suburbionoar.com.br\/index.php\/wp-json\/wp\/v2\/posts"}],"about":[{"href":"https:\/\/suburbionoar.com.br\/index.php\/wp-json\/wp\/v2\/types\/post"}],"author":[{"embeddable":true,"href":"https:\/\/suburbionoar.com.br\/index.php\/wp-json\/wp\/v2\/users\/2"}],"replies":[{"embeddable":true,"href":"https:\/\/suburbionoar.com.br\/index.php\/wp-json\/wp\/v2\/comments?post=10829"}],"version-history":[{"count":1,"href":"https:\/\/suburbionoar.com.br\/index.php\/wp-json\/wp\/v2\/posts\/10829\/revisions"}],"predecessor-version":[{"id":10830,"href":"https:\/\/suburbionoar.com.br\/index.php\/wp-json\/wp\/v2\/posts\/10829\/revisions\/10830"}],"wp:featuredmedia":[{"embeddable":true,"href":"https:\/\/suburbionoar.com.br\/index.php\/wp-json\/wp\/v2\/media\/10828"}],"wp:attachment":[{"href":"https:\/\/suburbionoar.com.br\/index.php\/wp-json\/wp\/v2\/media?parent=10829"}],"wp:term":[{"taxonomy":"category","embeddable":true,"href":"https:\/\/suburbionoar.com.br\/index.php\/wp-json\/wp\/v2\/categories?post=10829"},{"taxonomy":"post_tag","embeddable":true,"href":"https:\/\/suburbionoar.com.br\/index.php\/wp-json\/wp\/v2\/tags?post=10829"}],"curies":[{"name":"wp","href":"https:\/\/api.w.org\/{rel}","templated":true}]}}