{"id":10797,"date":"2024-11-06T14:17:51","date_gmt":"2024-11-06T17:17:51","guid":{"rendered":"https:\/\/suburbionoar.com.br\/?p=10797"},"modified":"2024-11-06T14:17:51","modified_gmt":"2024-11-06T17:17:51","slug":"salvador-recebe-evento-de-capacitacao-para-profissionais-de-seguranca","status":"publish","type":"post","link":"https:\/\/suburbionoar.com.br\/index.php\/2024\/11\/06\/salvador-recebe-evento-de-capacitacao-para-profissionais-de-seguranca\/","title":{"rendered":"Salvador recebe evento de capacita\u00e7\u00e3o para profissionais de seguran\u00e7a"},"content":{"rendered":"\n<p>No pr\u00f3ximo s\u00e1bado, 9, Salvador recebe a&nbsp;primeira edi\u00e7\u00e3o presencial do&nbsp;Caf\u00e9 com Seguran\u00e7a. O objetivo&nbsp;\u00e9 capacitar profissionais de seguran\u00e7a do trabalho, gestores de empresas e contadores, dentro do que h\u00e1 de mais avan\u00e7ado no setor prevencionista.<\/p>\n\n\n\n<p>O projeto acumula 139 edi\u00e7\u00f5es&nbsp;em seu formato online, com uma m\u00e9dia de 500 participantes por evento. Agora, no modelo presencial busca atender a uma demanda crescente por uma experi\u00eancia mais pr\u00e1tica e imersiva entre profissionais da \u00e1rea.<\/p>\n\n\n\n<p>O evento acontece no Wish Hotel da Bahia e aposta numa metodologia que une teoria e pr\u00e1tica, preparando seus participantes para atua\u00e7\u00e3o de excel\u00eancia no mercado. Desde seu lan\u00e7amento em 2021, o projeto tem contribu\u00eddo para melhorar ambientes laborais em diversos setores, promovendo maior seguran\u00e7a e efici\u00eancia.<\/p>\n\n\n\n<p>Constru\u00e7\u00e3o civil<\/p>\n\n\n\n<p>Em 2023, o Brasil registrou 2.888 mortes de trabalhadores em decorr\u00eancia de acidentes laborais, revelando uma preocupante realidade para a seguran\u00e7a no trabalho. Os dados divulgados pelo Minist\u00e9rio do Trabalho e Emprego atrav\u00e9s do sistema eSocial, tamb\u00e9m indicam um total de 499.955 acidentes no pa\u00eds. Setores como o da Constru\u00e7\u00e3o Civil est\u00e3o entre os que mais contabilizam ocorr\u00eancias fatais e les\u00f5es graves.&nbsp;<\/p>\n\n\n\n<p>\u201cQuando se fala em vidas e fam\u00edlias impactadas por esses acidentes, estamos distantes dos par\u00e2metros de seguran\u00e7a sugeridos pela ONU, uma vez que a cada 3 minutos uma pessoa morre por acidente de trabalho. A meta \u00e9, com essa forma\u00e7\u00e3o no dia 9 de novembro, diminuir esses \u00edndices e, com os demais eventos do Caf\u00e9 com Seguran\u00e7a, chegar a zero. Promover uma cultura de preven\u00e7\u00e3o e capacita\u00e7\u00e3o pode salvar vidas e reduzir riscos no ambiente de trabalho, bem como ajudar as organiza\u00e7\u00f5es a reduzir custos significativos em seus impostos, tudo isso \u00e9 poss\u00edvel atrav\u00e9s da seguran\u00e7a do trabalho \u201d, destaca a engenheira de Seguran\u00e7a do Trabalho e idealizadora do projeto, Iva Barbosa.<\/p>\n\n\n\n<p>Fonte. A Tarde<\/p>\n","protected":false},"excerpt":{"rendered":"<p>No pr\u00f3ximo s\u00e1bado, 9, Salvador recebe a&nbsp;primeira edi\u00e7\u00e3o presencial do&nbsp;Caf\u00e9 com Seguran\u00e7a. O objetivo&nbsp;\u00e9 capacitar profissionais de seguran\u00e7a do trabalho, gestores de empresas e contadores, dentro do que h\u00e1 de mais avan\u00e7ado no setor prevencionista. O projeto acumula 139 edi\u00e7\u00f5es&nbsp;em seu formato online, com uma m\u00e9dia de 500 participantes por evento. Agora, no modelo presencial [&hellip;]<\/p>\n","protected":false},"author":2,"featured_media":10796,"comment_status":"closed","ping_status":"open","sticky":false,"template":"","format":"standard","meta":{"footnotes":""},"categories":[105],"tags":[],"class_list":["post-10797","post","type-post","status-publish","format-standard","has-post-thumbnail","hentry","category-policia"],"_links":{"self":[{"href":"https:\/\/suburbionoar.com.br\/index.php\/wp-json\/wp\/v2\/posts\/10797","targetHints":{"allow":["GET"]}}],"collection":[{"href":"https:\/\/suburbionoar.com.br\/index.php\/wp-json\/wp\/v2\/posts"}],"about":[{"href":"https:\/\/suburbionoar.com.br\/index.php\/wp-json\/wp\/v2\/types\/post"}],"author":[{"embeddable":true,"href":"https:\/\/suburbionoar.com.br\/index.php\/wp-json\/wp\/v2\/users\/2"}],"replies":[{"embeddable":true,"href":"https:\/\/suburbionoar.com.br\/index.php\/wp-json\/wp\/v2\/comments?post=10797"}],"version-history":[{"count":1,"href":"https:\/\/suburbionoar.com.br\/index.php\/wp-json\/wp\/v2\/posts\/10797\/revisions"}],"predecessor-version":[{"id":10798,"href":"https:\/\/suburbionoar.com.br\/index.php\/wp-json\/wp\/v2\/posts\/10797\/revisions\/10798"}],"wp:featuredmedia":[{"embeddable":true,"href":"https:\/\/suburbionoar.com.br\/index.php\/wp-json\/wp\/v2\/media\/10796"}],"wp:attachment":[{"href":"https:\/\/suburbionoar.com.br\/index.php\/wp-json\/wp\/v2\/media?parent=10797"}],"wp:term":[{"taxonomy":"category","embeddable":true,"href":"https:\/\/suburbionoar.com.br\/index.php\/wp-json\/wp\/v2\/categories?post=10797"},{"taxonomy":"post_tag","embeddable":true,"href":"https:\/\/suburbionoar.com.br\/index.php\/wp-json\/wp\/v2\/tags?post=10797"}],"curies":[{"name":"wp","href":"https:\/\/api.w.org\/{rel}","templated":true}]}}