{"id":10789,"date":"2024-11-05T11:14:03","date_gmt":"2024-11-05T14:14:03","guid":{"rendered":"https:\/\/suburbionoar.com.br\/?p=10789"},"modified":"2024-11-05T11:14:05","modified_gmt":"2024-11-05T14:14:05","slug":"ate-o-fim-do-ano-que-vem-diz-jeronimo-sobre-expectativa-de-funcionamento-do-vlt-do-suburbio","status":"publish","type":"post","link":"https:\/\/suburbionoar.com.br\/index.php\/2024\/11\/05\/ate-o-fim-do-ano-que-vem-diz-jeronimo-sobre-expectativa-de-funcionamento-do-vlt-do-suburbio\/","title":{"rendered":"&#8220;At\u00e9 o fim do ano que vem&#8221; &#8211; diz Jer\u00f4nimo sobre expectativa de funcionamento do VLT do Sub\u00farbio"},"content":{"rendered":"\n<p>O governador da Bahia, Jer\u00f4nimo Rodrigues (PT), destacou a import\u00e2ncia do Tribunal de Contas da Uni\u00e3o (TCU) durante o processo de compra dos trens, que ser\u00e3o utilizados no VLT do Sub\u00farbio de Salvador, vindos do Mato Grosso (MT). A declara\u00e7\u00e3o foi realizada durante o Semin\u00e1rio Cultura e Mudan\u00e7a do Clima, realizado nesta segunda-feira (4), no Centro de Conven\u00e7\u00f5es de Salvador.<\/p>\n\n\n\n<p><em>&#8220;Voc\u00eas acompanharam quando o TCU puxou a responsabilidade dos trens e dos trilhos l\u00e1 do Mato Grosso. E hoje n\u00f3s j\u00e1 temos trilhos, ano que vem, com f\u00e9 em Deus, voc\u00eas ver\u00e3o j\u00e1, [no] in\u00edcio do ano, trilhos sendo montados para o VLT do sub\u00farbio. E depois as outras etapas at\u00e9 Piatan. E eu espero que at\u00e9 o final do ano que vem, no m\u00e1ximo in\u00edcio de 2026, j\u00e1 tenhamos testes e trens rodando nesse VLT&#8221;<\/em>, afirmou o governador.<\/p>\n\n\n\n<p>O governador tamb\u00e9m falou sobre a negocia\u00e7\u00e3o que acontece entre o Tribunal de Contas do Estado (TCE) e o Cons\u00f3rcio Chin\u00eas. A negocia\u00e7\u00e3o diz respeito a constru\u00e7\u00e3o da Ponte Salvador-Itaparica e acontece desde a pandemia.&nbsp;<em>&#8220;Com a pandemia, houve sim um desgaste no or\u00e7amento, no que diz respeito a pre\u00e7o do a\u00e7o, pre\u00e7o do cimento, m\u00e3o de obra, taxa de juros, e o cons\u00f3rcio pediu que a gente pudesse refazer o valor. E n\u00e3o estava havendo um consenso entre n\u00f3s do governo e o cons\u00f3rcio, por conta da defesa do Er\u00e1rio p\u00fablico. E o TCE puxou essa responsabilidade com as f\u00f3rmulas matem\u00e1ticas, com assessoria t\u00e9cnica&#8221;<\/em>, disse Jer\u00f4nimo.<\/p>\n\n\n\n<p>Fonte: Varela Net <\/p>\n","protected":false},"excerpt":{"rendered":"<p>O governador da Bahia, Jer\u00f4nimo Rodrigues (PT), destacou a import\u00e2ncia do Tribunal de Contas da Uni\u00e3o (TCU) durante o processo de compra dos trens, que ser\u00e3o utilizados no VLT do Sub\u00farbio de Salvador, vindos do Mato Grosso (MT). A declara\u00e7\u00e3o foi realizada durante o Semin\u00e1rio Cultura e Mudan\u00e7a do Clima, realizado nesta segunda-feira (4), no [&hellip;]<\/p>\n","protected":false},"author":2,"featured_media":10790,"comment_status":"open","ping_status":"open","sticky":false,"template":"","format":"standard","meta":{"footnotes":""},"categories":[91],"tags":[],"class_list":["post-10789","post","type-post","status-publish","format-standard","has-post-thumbnail","hentry","category-politica"],"_links":{"self":[{"href":"https:\/\/suburbionoar.com.br\/index.php\/wp-json\/wp\/v2\/posts\/10789","targetHints":{"allow":["GET"]}}],"collection":[{"href":"https:\/\/suburbionoar.com.br\/index.php\/wp-json\/wp\/v2\/posts"}],"about":[{"href":"https:\/\/suburbionoar.com.br\/index.php\/wp-json\/wp\/v2\/types\/post"}],"author":[{"embeddable":true,"href":"https:\/\/suburbionoar.com.br\/index.php\/wp-json\/wp\/v2\/users\/2"}],"replies":[{"embeddable":true,"href":"https:\/\/suburbionoar.com.br\/index.php\/wp-json\/wp\/v2\/comments?post=10789"}],"version-history":[{"count":1,"href":"https:\/\/suburbionoar.com.br\/index.php\/wp-json\/wp\/v2\/posts\/10789\/revisions"}],"predecessor-version":[{"id":10791,"href":"https:\/\/suburbionoar.com.br\/index.php\/wp-json\/wp\/v2\/posts\/10789\/revisions\/10791"}],"wp:featuredmedia":[{"embeddable":true,"href":"https:\/\/suburbionoar.com.br\/index.php\/wp-json\/wp\/v2\/media\/10790"}],"wp:attachment":[{"href":"https:\/\/suburbionoar.com.br\/index.php\/wp-json\/wp\/v2\/media?parent=10789"}],"wp:term":[{"taxonomy":"category","embeddable":true,"href":"https:\/\/suburbionoar.com.br\/index.php\/wp-json\/wp\/v2\/categories?post=10789"},{"taxonomy":"post_tag","embeddable":true,"href":"https:\/\/suburbionoar.com.br\/index.php\/wp-json\/wp\/v2\/tags?post=10789"}],"curies":[{"name":"wp","href":"https:\/\/api.w.org\/{rel}","templated":true}]}}