{"id":10744,"date":"2024-11-04T10:47:41","date_gmt":"2024-11-04T13:47:41","guid":{"rendered":"https:\/\/suburbionoar.com.br\/?p=10744"},"modified":"2024-11-04T10:47:42","modified_gmt":"2024-11-04T13:47:42","slug":"guarda-municipal-prende-suspeitos-de-roubo-de-fios-em-operacao-no-comercio","status":"publish","type":"post","link":"https:\/\/suburbionoar.com.br\/index.php\/2024\/11\/04\/guarda-municipal-prende-suspeitos-de-roubo-de-fios-em-operacao-no-comercio\/","title":{"rendered":"Guarda Municipal prende suspeitos de roubo de fios em opera\u00e7\u00e3o no Com\u00e9rcio"},"content":{"rendered":"\n<p>Na madrugada desta segunda-feira (4), a Guarda Municipal de Salvador prendeu dois suspeitos por roubo de fios no bairro do Com\u00e9rcio, no Centro Hist\u00f3rico de Salvador. Homens foram encaminhados para Central de Flagrante.<\/p>\n\n\n\n<p>De acordo com informa\u00e7\u00f5es, equipes da \u00c1rea S4 da corpora\u00e7\u00e3o foram acionadas pelo Centro Integrado de Intelig\u00eancia, Comando e V\u00eddeo Monitoramento (CICOMV) para verificar uma den\u00fancia de furto de fios no bairro, em frente \u00e0 Secretaria Municipal de Sa\u00fade, na madrugada.<\/p>\n\n\n\n<p>Ao chegar ao local, os agentes da GCM encontraram funcion\u00e1rios da empresa de monitoramento Safe, que j\u00e1 haviam detido dois suspeitos em posse de cabos telef\u00f4nicos e um arco de serra. Os detidos foram encaminhados \u00e0 Central de Flagrantes para a ado\u00e7\u00e3o das medidas legais.<\/p>\n\n\n\n<p>Fonte: Varela Net <\/p>\n","protected":false},"excerpt":{"rendered":"<p>Na madrugada desta segunda-feira (4), a Guarda Municipal de Salvador prendeu dois suspeitos por roubo de fios no bairro do Com\u00e9rcio, no Centro Hist\u00f3rico de Salvador. Homens foram encaminhados para Central de Flagrante. De acordo com informa\u00e7\u00f5es, equipes da \u00c1rea S4 da corpora\u00e7\u00e3o foram acionadas pelo Centro Integrado de Intelig\u00eancia, Comando e V\u00eddeo Monitoramento (CICOMV) [&hellip;]<\/p>\n","protected":false},"author":2,"featured_media":10745,"comment_status":"open","ping_status":"open","sticky":false,"template":"","format":"standard","meta":{"footnotes":""},"categories":[85],"tags":[],"class_list":["post-10744","post","type-post","status-publish","format-standard","has-post-thumbnail","hentry","category-noticias"],"_links":{"self":[{"href":"https:\/\/suburbionoar.com.br\/index.php\/wp-json\/wp\/v2\/posts\/10744","targetHints":{"allow":["GET"]}}],"collection":[{"href":"https:\/\/suburbionoar.com.br\/index.php\/wp-json\/wp\/v2\/posts"}],"about":[{"href":"https:\/\/suburbionoar.com.br\/index.php\/wp-json\/wp\/v2\/types\/post"}],"author":[{"embeddable":true,"href":"https:\/\/suburbionoar.com.br\/index.php\/wp-json\/wp\/v2\/users\/2"}],"replies":[{"embeddable":true,"href":"https:\/\/suburbionoar.com.br\/index.php\/wp-json\/wp\/v2\/comments?post=10744"}],"version-history":[{"count":1,"href":"https:\/\/suburbionoar.com.br\/index.php\/wp-json\/wp\/v2\/posts\/10744\/revisions"}],"predecessor-version":[{"id":10746,"href":"https:\/\/suburbionoar.com.br\/index.php\/wp-json\/wp\/v2\/posts\/10744\/revisions\/10746"}],"wp:featuredmedia":[{"embeddable":true,"href":"https:\/\/suburbionoar.com.br\/index.php\/wp-json\/wp\/v2\/media\/10745"}],"wp:attachment":[{"href":"https:\/\/suburbionoar.com.br\/index.php\/wp-json\/wp\/v2\/media?parent=10744"}],"wp:term":[{"taxonomy":"category","embeddable":true,"href":"https:\/\/suburbionoar.com.br\/index.php\/wp-json\/wp\/v2\/categories?post=10744"},{"taxonomy":"post_tag","embeddable":true,"href":"https:\/\/suburbionoar.com.br\/index.php\/wp-json\/wp\/v2\/tags?post=10744"}],"curies":[{"name":"wp","href":"https:\/\/api.w.org\/{rel}","templated":true}]}}