{"id":10735,"date":"2024-11-01T11:06:37","date_gmt":"2024-11-01T14:06:37","guid":{"rendered":"https:\/\/suburbionoar.com.br\/?p=10735"},"modified":"2024-11-01T11:06:39","modified_gmt":"2024-11-01T14:06:39","slug":"lula-novo-boletim-medico-diz-que-presidente-necessita-de-acompanhamento-clinico","status":"publish","type":"post","link":"https:\/\/suburbionoar.com.br\/index.php\/2024\/11\/01\/lula-novo-boletim-medico-diz-que-presidente-necessita-de-acompanhamento-clinico\/","title":{"rendered":"Lula: novo boletim medico diz que presidente necessita de acompanhamento cl\u00ednico"},"content":{"rendered":"\n<p>Nesta quinta-feira (31), a equipe m\u00e9dica do presidente Lula (PT) divulgou um novo boletim m\u00e9dico sobre o acidente dom\u00e9stico que sofreu no \u00faltimo dia 19.<\/p>\n\n\n\n<p>Segundo informa\u00e7\u00f5es divulgadas, o quadro do presidente \u00e9 de &#8220;estabilidade em rela\u00e7\u00e3o aos exames anteriores&#8221;<\/p>\n\n\n\n<p>&#8220;No momento, o presidente persiste sem quaisquer sintomas, devendo manter o acompanhamento cl\u00ednico e realizar novo controle de imagem em tr\u00eas dias&#8221; diz no boletim.<\/p>\n\n\n\n<p>Ele tamb\u00e9m passou por novos exames, nesta quinta (31), no Hospital S\u00edrio Liban\u00eas, em Bras\u00edlia.<\/p>\n\n\n\n<p>Fonte: Varela Net <\/p>\n","protected":false},"excerpt":{"rendered":"<p>Nesta quinta-feira (31), a equipe m\u00e9dica do presidente Lula (PT) divulgou um novo boletim m\u00e9dico sobre o acidente dom\u00e9stico que sofreu no \u00faltimo dia 19. Segundo informa\u00e7\u00f5es divulgadas, o quadro do presidente \u00e9 de &#8220;estabilidade em rela\u00e7\u00e3o aos exames anteriores&#8221; &#8220;No momento, o presidente persiste sem quaisquer sintomas, devendo manter o acompanhamento cl\u00ednico e realizar [&hellip;]<\/p>\n","protected":false},"author":2,"featured_media":10736,"comment_status":"open","ping_status":"open","sticky":false,"template":"","format":"standard","meta":{"footnotes":""},"categories":[91],"tags":[],"class_list":["post-10735","post","type-post","status-publish","format-standard","has-post-thumbnail","hentry","category-politica"],"_links":{"self":[{"href":"https:\/\/suburbionoar.com.br\/index.php\/wp-json\/wp\/v2\/posts\/10735","targetHints":{"allow":["GET"]}}],"collection":[{"href":"https:\/\/suburbionoar.com.br\/index.php\/wp-json\/wp\/v2\/posts"}],"about":[{"href":"https:\/\/suburbionoar.com.br\/index.php\/wp-json\/wp\/v2\/types\/post"}],"author":[{"embeddable":true,"href":"https:\/\/suburbionoar.com.br\/index.php\/wp-json\/wp\/v2\/users\/2"}],"replies":[{"embeddable":true,"href":"https:\/\/suburbionoar.com.br\/index.php\/wp-json\/wp\/v2\/comments?post=10735"}],"version-history":[{"count":1,"href":"https:\/\/suburbionoar.com.br\/index.php\/wp-json\/wp\/v2\/posts\/10735\/revisions"}],"predecessor-version":[{"id":10737,"href":"https:\/\/suburbionoar.com.br\/index.php\/wp-json\/wp\/v2\/posts\/10735\/revisions\/10737"}],"wp:featuredmedia":[{"embeddable":true,"href":"https:\/\/suburbionoar.com.br\/index.php\/wp-json\/wp\/v2\/media\/10736"}],"wp:attachment":[{"href":"https:\/\/suburbionoar.com.br\/index.php\/wp-json\/wp\/v2\/media?parent=10735"}],"wp:term":[{"taxonomy":"category","embeddable":true,"href":"https:\/\/suburbionoar.com.br\/index.php\/wp-json\/wp\/v2\/categories?post=10735"},{"taxonomy":"post_tag","embeddable":true,"href":"https:\/\/suburbionoar.com.br\/index.php\/wp-json\/wp\/v2\/tags?post=10735"}],"curies":[{"name":"wp","href":"https:\/\/api.w.org\/{rel}","templated":true}]}}