{"id":10321,"date":"2024-08-29T11:07:51","date_gmt":"2024-08-29T14:07:51","guid":{"rendered":"https:\/\/suburbionoar.com.br\/?p=10321"},"modified":"2024-08-29T11:07:53","modified_gmt":"2024-08-29T14:07:53","slug":"suspeito-de-liderar-trafico-na-regiao-da-timbalada-e-preso-pela-policia-civil","status":"publish","type":"post","link":"https:\/\/suburbionoar.com.br\/index.php\/2024\/08\/29\/suspeito-de-liderar-trafico-na-regiao-da-timbalada-e-preso-pela-policia-civil\/","title":{"rendered":"Suspeito de liderar tr\u00e1fico na regi\u00e3o da Timbalada \u00e9 preso pela Pol\u00edcia Civil"},"content":{"rendered":"\n<p>Nesta quarta-feira (28), as for\u00e7as da Pol\u00edcia Civil prenderam um homem suspeito de liderar o tr\u00e1fico de drogas na localidade da Timbalada, no bairro do Cabula. Armas de fogo, muni\u00e7\u00f5es e drogas foram apreendidas durante a opera\u00e7\u00e3o.<\/p>\n\n\n\n<p>A captura foi realizada por equipes do Departamento Especializado de Investiga\u00e7\u00f5es Criminais (Deic), por meio da Delegacia Especializada de Repress\u00e3o a Roubos em Coletivos (Derrc), com apoio das delegacias de Roubos e Roubos de Ve\u00edculos (DRFRV), Roubos e Roubos e Prote\u00e7\u00e3o ao Turista (Deltur).&nbsp;<\/p>\n\n\n\n<p>O homem tamb\u00e9m \u00e9 acusado de matar um motoboy na regi\u00e3o no \u00faltimo dia 19. O alvo tentou fugir, mas foi imobilizado e preso rapidamente pelos policiais. O titular declarou que ele seguir\u00e1 \u00e0 disposi\u00e7\u00e3o da Justi\u00e7a.<\/p>\n\n\n\n<p>Com o suspeito, foram encontrados um rev\u00f3lver calibre 38, 45 muni\u00e7\u00f5es, explosivos, seis r\u00e1dios comunicadores, cinco balan\u00e7as, oito celulares, por\u00e7\u00f5es de entorpecentes e embalagens para armazenamento de drogas.<\/p>\n\n\n\n<p>Fonte: Varela Net <\/p>\n","protected":false},"excerpt":{"rendered":"<p>Nesta quarta-feira (28), as for\u00e7as da Pol\u00edcia Civil prenderam um homem suspeito de liderar o tr\u00e1fico de drogas na localidade da Timbalada, no bairro do Cabula. Armas de fogo, muni\u00e7\u00f5es e drogas foram apreendidas durante a opera\u00e7\u00e3o. A captura foi realizada por equipes do Departamento Especializado de Investiga\u00e7\u00f5es Criminais (Deic), por meio da Delegacia Especializada [&hellip;]<\/p>\n","protected":false},"author":2,"featured_media":10322,"comment_status":"open","ping_status":"open","sticky":false,"template":"","format":"standard","meta":{"footnotes":""},"categories":[105],"tags":[],"class_list":["post-10321","post","type-post","status-publish","format-standard","has-post-thumbnail","hentry","category-policia"],"_links":{"self":[{"href":"https:\/\/suburbionoar.com.br\/index.php\/wp-json\/wp\/v2\/posts\/10321","targetHints":{"allow":["GET"]}}],"collection":[{"href":"https:\/\/suburbionoar.com.br\/index.php\/wp-json\/wp\/v2\/posts"}],"about":[{"href":"https:\/\/suburbionoar.com.br\/index.php\/wp-json\/wp\/v2\/types\/post"}],"author":[{"embeddable":true,"href":"https:\/\/suburbionoar.com.br\/index.php\/wp-json\/wp\/v2\/users\/2"}],"replies":[{"embeddable":true,"href":"https:\/\/suburbionoar.com.br\/index.php\/wp-json\/wp\/v2\/comments?post=10321"}],"version-history":[{"count":1,"href":"https:\/\/suburbionoar.com.br\/index.php\/wp-json\/wp\/v2\/posts\/10321\/revisions"}],"predecessor-version":[{"id":10323,"href":"https:\/\/suburbionoar.com.br\/index.php\/wp-json\/wp\/v2\/posts\/10321\/revisions\/10323"}],"wp:featuredmedia":[{"embeddable":true,"href":"https:\/\/suburbionoar.com.br\/index.php\/wp-json\/wp\/v2\/media\/10322"}],"wp:attachment":[{"href":"https:\/\/suburbionoar.com.br\/index.php\/wp-json\/wp\/v2\/media?parent=10321"}],"wp:term":[{"taxonomy":"category","embeddable":true,"href":"https:\/\/suburbionoar.com.br\/index.php\/wp-json\/wp\/v2\/categories?post=10321"},{"taxonomy":"post_tag","embeddable":true,"href":"https:\/\/suburbionoar.com.br\/index.php\/wp-json\/wp\/v2\/tags?post=10321"}],"curies":[{"name":"wp","href":"https:\/\/api.w.org\/{rel}","templated":true}]}}