{"id":10253,"date":"2024-08-21T13:17:39","date_gmt":"2024-08-21T16:17:39","guid":{"rendered":"https:\/\/suburbionoar.com.br\/?p=10253"},"modified":"2024-08-21T13:17:41","modified_gmt":"2024-08-21T16:17:41","slug":"flamengo-tera-ao-menos-cinco-desfalques-para-duelo-com-o-bahia","status":"publish","type":"post","link":"https:\/\/suburbionoar.com.br\/index.php\/2024\/08\/21\/flamengo-tera-ao-menos-cinco-desfalques-para-duelo-com-o-bahia\/","title":{"rendered":"Flamengo ter\u00e1 ao menos cinco desfalques para duelo com o Bahia"},"content":{"rendered":"\n<p>Advers\u00e1rio do Bahia nas quartas de final da Copa do Brasil, o Flamengo\u00a0vive um momento de muitos problemas em rela\u00e7\u00e3o ao Departamento M\u00e9dico. Apesar de ter um dos elencos mais poderosos do futebol brasileiro, o\u00a0Rubro-Negro vem perdendo alguns de seus principais jogadores.<\/p>\n\n\n\n<p>Para o confronto contra o Esquadr\u00e3o, que acontece na semana que vem entre os dias 28 e 29 de agosto, o Flamengo j\u00e1 tem certeza que ter\u00e1 ao menos cinco desfalques: os atacantes Cebolinha, Gabigol e Pedro, o lateral-esquerdo Vi\u00f1a e o meia Arrascaeta, todos com les\u00f5es. O ponta-esquerda ex-Gr\u00eamio e o defensor uruguaio nem sequer jogam mais em 2024. <\/p>\n\n\n\n<p>Antes do Bahia, o time carioca ainda ter\u00e1 um duelo importante pelas oitavas de final da Copa Libertadores, em que visita o Bol\u00edvar, em La Paz, nesta quinta-feira, 22. Para esta partida, o t\u00e9cnico Tite tamb\u00e9m perdeu o lateral-direito Wesley, outro lesionado. Este, no entanto, ainda n\u00e3o foi descartado para a Copa do Brasil.<\/p>\n\n\n\n<p>Arrascaeta, Gabigol e Pedro\u00a0ainda t\u00eam chance de retornar para a partida de volta contra o Esquadr\u00e3o, que acontece entre os dias 11 e 12 de setembro. O Flamengo n\u00e3o informou um prazo exato de recupera\u00e7\u00e3o para o trio ofensivo, apenas que eles voltam no pr\u00f3ximo m\u00eas. <\/p>\n\n\n\n<p>Fonte: A Tarde <\/p>\n","protected":false},"excerpt":{"rendered":"<p>Advers\u00e1rio do Bahia nas quartas de final da Copa do Brasil, o Flamengo\u00a0vive um momento de muitos problemas em rela\u00e7\u00e3o ao Departamento M\u00e9dico. Apesar de ter um dos elencos mais poderosos do futebol brasileiro, o\u00a0Rubro-Negro vem perdendo alguns de seus principais jogadores. Para o confronto contra o Esquadr\u00e3o, que acontece na semana que vem entre [&hellip;]<\/p>\n","protected":false},"author":2,"featured_media":10254,"comment_status":"open","ping_status":"open","sticky":false,"template":"","format":"standard","meta":{"footnotes":""},"categories":[89],"tags":[],"class_list":["post-10253","post","type-post","status-publish","format-standard","has-post-thumbnail","hentry","category-esportes"],"_links":{"self":[{"href":"https:\/\/suburbionoar.com.br\/index.php\/wp-json\/wp\/v2\/posts\/10253","targetHints":{"allow":["GET"]}}],"collection":[{"href":"https:\/\/suburbionoar.com.br\/index.php\/wp-json\/wp\/v2\/posts"}],"about":[{"href":"https:\/\/suburbionoar.com.br\/index.php\/wp-json\/wp\/v2\/types\/post"}],"author":[{"embeddable":true,"href":"https:\/\/suburbionoar.com.br\/index.php\/wp-json\/wp\/v2\/users\/2"}],"replies":[{"embeddable":true,"href":"https:\/\/suburbionoar.com.br\/index.php\/wp-json\/wp\/v2\/comments?post=10253"}],"version-history":[{"count":1,"href":"https:\/\/suburbionoar.com.br\/index.php\/wp-json\/wp\/v2\/posts\/10253\/revisions"}],"predecessor-version":[{"id":10255,"href":"https:\/\/suburbionoar.com.br\/index.php\/wp-json\/wp\/v2\/posts\/10253\/revisions\/10255"}],"wp:featuredmedia":[{"embeddable":true,"href":"https:\/\/suburbionoar.com.br\/index.php\/wp-json\/wp\/v2\/media\/10254"}],"wp:attachment":[{"href":"https:\/\/suburbionoar.com.br\/index.php\/wp-json\/wp\/v2\/media?parent=10253"}],"wp:term":[{"taxonomy":"category","embeddable":true,"href":"https:\/\/suburbionoar.com.br\/index.php\/wp-json\/wp\/v2\/categories?post=10253"},{"taxonomy":"post_tag","embeddable":true,"href":"https:\/\/suburbionoar.com.br\/index.php\/wp-json\/wp\/v2\/tags?post=10253"}],"curies":[{"name":"wp","href":"https:\/\/api.w.org\/{rel}","templated":true}]}}