{"id":10142,"date":"2024-08-07T15:54:55","date_gmt":"2024-08-07T18:54:55","guid":{"rendered":"https:\/\/suburbionoar.com.br\/?p=10142"},"modified":"2024-08-07T15:54:57","modified_gmt":"2024-08-07T18:54:57","slug":"jovem-desaparecida-em-lauro-de-freitas-e-encontrada-desorientada-em-itapua","status":"publish","type":"post","link":"https:\/\/suburbionoar.com.br\/index.php\/2024\/08\/07\/jovem-desaparecida-em-lauro-de-freitas-e-encontrada-desorientada-em-itapua\/","title":{"rendered":"Jovem desaparecida em Lauro de Freitas \u00e9 encontrada desorientada em Itapu\u00e3"},"content":{"rendered":"\n<p>Desaparecida desde a tarde de segunda-feira (5), Milena da Silva Gomes, de 24 anos, foi encontrada desorientada na manh\u00e3 desta quarta-feira (7), no bairro de Itapu\u00e3, em Salvador.\u00a0<\/p>\n\n\n\n<p>Segundo o site Al\u00f4 Juca, os familiares informaram que Milena foi achada caminhando pela localidade. Ela estava desorientada, mas no momento se encontra bem.\u00a0A ocorr\u00eancia foi registrada na Delegacia de Prote\u00e7\u00e3o \u00e0 Pessoa, na Av. Dorival Caymmi, em Salvador.<\/p>\n\n\n\n<p>Fonte: Bahia Not\u00edcias <\/p>\n","protected":false},"excerpt":{"rendered":"<p>Desaparecida desde a tarde de segunda-feira (5), Milena da Silva Gomes, de 24 anos, foi encontrada desorientada na manh\u00e3 desta quarta-feira (7), no bairro de Itapu\u00e3, em Salvador.\u00a0 Segundo o site Al\u00f4 Juca, os familiares informaram que Milena foi achada caminhando pela localidade. Ela estava desorientada, mas no momento se encontra bem.\u00a0A ocorr\u00eancia foi registrada [&hellip;]<\/p>\n","protected":false},"author":2,"featured_media":10144,"comment_status":"open","ping_status":"open","sticky":false,"template":"","format":"standard","meta":{"footnotes":""},"categories":[105],"tags":[],"class_list":["post-10142","post","type-post","status-publish","format-standard","has-post-thumbnail","hentry","category-policia"],"_links":{"self":[{"href":"https:\/\/suburbionoar.com.br\/index.php\/wp-json\/wp\/v2\/posts\/10142","targetHints":{"allow":["GET"]}}],"collection":[{"href":"https:\/\/suburbionoar.com.br\/index.php\/wp-json\/wp\/v2\/posts"}],"about":[{"href":"https:\/\/suburbionoar.com.br\/index.php\/wp-json\/wp\/v2\/types\/post"}],"author":[{"embeddable":true,"href":"https:\/\/suburbionoar.com.br\/index.php\/wp-json\/wp\/v2\/users\/2"}],"replies":[{"embeddable":true,"href":"https:\/\/suburbionoar.com.br\/index.php\/wp-json\/wp\/v2\/comments?post=10142"}],"version-history":[{"count":1,"href":"https:\/\/suburbionoar.com.br\/index.php\/wp-json\/wp\/v2\/posts\/10142\/revisions"}],"predecessor-version":[{"id":10145,"href":"https:\/\/suburbionoar.com.br\/index.php\/wp-json\/wp\/v2\/posts\/10142\/revisions\/10145"}],"wp:featuredmedia":[{"embeddable":true,"href":"https:\/\/suburbionoar.com.br\/index.php\/wp-json\/wp\/v2\/media\/10144"}],"wp:attachment":[{"href":"https:\/\/suburbionoar.com.br\/index.php\/wp-json\/wp\/v2\/media?parent=10142"}],"wp:term":[{"taxonomy":"category","embeddable":true,"href":"https:\/\/suburbionoar.com.br\/index.php\/wp-json\/wp\/v2\/categories?post=10142"},{"taxonomy":"post_tag","embeddable":true,"href":"https:\/\/suburbionoar.com.br\/index.php\/wp-json\/wp\/v2\/tags?post=10142"}],"curies":[{"name":"wp","href":"https:\/\/api.w.org\/{rel}","templated":true}]}}