{"id":10132,"date":"2024-08-05T10:42:29","date_gmt":"2024-08-05T13:42:29","guid":{"rendered":"https:\/\/suburbionoar.com.br\/?p=10132"},"modified":"2024-08-05T10:42:31","modified_gmt":"2024-08-05T13:42:31","slug":"caminhoneiro-fica-preso-em-acidente-em-simoes-filho-e-e-resgatado-com-vida","status":"publish","type":"post","link":"https:\/\/suburbionoar.com.br\/index.php\/2024\/08\/05\/caminhoneiro-fica-preso-em-acidente-em-simoes-filho-e-e-resgatado-com-vida\/","title":{"rendered":"Caminhoneiro fica preso em acidente em Sim\u00f5es Filho e \u00e9 resgatado com vida"},"content":{"rendered":"\n<p>Nesta sexta-feira (2), um grave acidente envolvendo um caminh\u00e3o deixou um motorista preso \u00e0s ferragens na rotat\u00f3ria entre a Via das Torres e Perif\u00e9rica I, em Sim\u00f5es Filho, na Regi\u00e3o Metropolitana de Salvador (RMS). O caminhoneiro ficou preso entre o volante e o banco, exigindo uma a\u00e7\u00e3o r\u00e1pida e precisa das equipes de resgate. Uma guarni\u00e7\u00e3o do 14\u00b0 Batalh\u00e3o de Bombeiros Militar (14\u00b0 BBM) de Madre de Deus foi imediatamente acionada para a ocorr\u00eancia.<\/p>\n\n\n\n<p>Os bombeiros usaram um corta-pedal para cortar o volante e aliviar a press\u00e3o sobre a perna do motorista, facilitando a remo\u00e7\u00e3o do homem da cabine do caminh\u00e3o. Ap\u00f3s a retirada, ele foi colocado em uma prancha de imobiliza\u00e7\u00e3o, com o apoio do Servi\u00e7o de Atendimento M\u00f3vel de Urg\u00eancia (Samu), e preparado para transporte. A v\u00edtima foi ent\u00e3o embarcada em um helic\u00f3ptero do Grupamento de Opera\u00e7\u00f5es A\u00e9reas (GOA) do Corpo de Bombeiros Militar da Bahia (CBMBA) para ser levada ao Hospital Municipal em Salvador.<\/p>\n\n\n\n<p>No Hospital Municipal, o caminhoneiro recebeu atendimento especializado, enquanto uma t\u00e9cnica em enfermagem do Samu acompanhou o paciente durante o trajeto a\u00e9reo. At\u00e9 o momento, a causa do acidente permanece desconhecida, e n\u00e3o h\u00e1 informa\u00e7\u00f5es adicionais sobre o estado de sa\u00fade atual da v\u00edtima.<\/p>\n\n\n\n<p>As autoridades continuam investigando o incidente para determinar os fatores que levaram ao acidente. A r\u00e1pida resposta das equipes de emerg\u00eancia foi crucial para garantir a sobreviv\u00eancia e o atendimento adequado ao motorista ferido.<\/p>\n\n\n\n<p>Fonte: Varela Net <\/p>\n","protected":false},"excerpt":{"rendered":"<p>Nesta sexta-feira (2), um grave acidente envolvendo um caminh\u00e3o deixou um motorista preso \u00e0s ferragens na rotat\u00f3ria entre a Via das Torres e Perif\u00e9rica I, em Sim\u00f5es Filho, na Regi\u00e3o Metropolitana de Salvador (RMS). O caminhoneiro ficou preso entre o volante e o banco, exigindo uma a\u00e7\u00e3o r\u00e1pida e precisa das equipes de resgate. Uma [&hellip;]<\/p>\n","protected":false},"author":2,"featured_media":10133,"comment_status":"open","ping_status":"open","sticky":false,"template":"","format":"standard","meta":{"footnotes":""},"categories":[85],"tags":[],"class_list":["post-10132","post","type-post","status-publish","format-standard","has-post-thumbnail","hentry","category-noticias"],"_links":{"self":[{"href":"https:\/\/suburbionoar.com.br\/index.php\/wp-json\/wp\/v2\/posts\/10132","targetHints":{"allow":["GET"]}}],"collection":[{"href":"https:\/\/suburbionoar.com.br\/index.php\/wp-json\/wp\/v2\/posts"}],"about":[{"href":"https:\/\/suburbionoar.com.br\/index.php\/wp-json\/wp\/v2\/types\/post"}],"author":[{"embeddable":true,"href":"https:\/\/suburbionoar.com.br\/index.php\/wp-json\/wp\/v2\/users\/2"}],"replies":[{"embeddable":true,"href":"https:\/\/suburbionoar.com.br\/index.php\/wp-json\/wp\/v2\/comments?post=10132"}],"version-history":[{"count":1,"href":"https:\/\/suburbionoar.com.br\/index.php\/wp-json\/wp\/v2\/posts\/10132\/revisions"}],"predecessor-version":[{"id":10134,"href":"https:\/\/suburbionoar.com.br\/index.php\/wp-json\/wp\/v2\/posts\/10132\/revisions\/10134"}],"wp:featuredmedia":[{"embeddable":true,"href":"https:\/\/suburbionoar.com.br\/index.php\/wp-json\/wp\/v2\/media\/10133"}],"wp:attachment":[{"href":"https:\/\/suburbionoar.com.br\/index.php\/wp-json\/wp\/v2\/media?parent=10132"}],"wp:term":[{"taxonomy":"category","embeddable":true,"href":"https:\/\/suburbionoar.com.br\/index.php\/wp-json\/wp\/v2\/categories?post=10132"},{"taxonomy":"post_tag","embeddable":true,"href":"https:\/\/suburbionoar.com.br\/index.php\/wp-json\/wp\/v2\/tags?post=10132"}],"curies":[{"name":"wp","href":"https:\/\/api.w.org\/{rel}","templated":true}]}}