{"id":10067,"date":"2024-07-29T11:43:26","date_gmt":"2024-07-29T14:43:26","guid":{"rendered":"https:\/\/suburbionoar.com.br\/?p=10067"},"modified":"2024-07-29T11:43:28","modified_gmt":"2024-07-29T14:43:28","slug":"coleta-de-lixo-e-retomada-na-cidade-baixa-apos-ameacas-a-seguranca-dos-garis","status":"publish","type":"post","link":"https:\/\/suburbionoar.com.br\/index.php\/2024\/07\/29\/coleta-de-lixo-e-retomada-na-cidade-baixa-apos-ameacas-a-seguranca-dos-garis\/","title":{"rendered":"Coleta de lixo \u00e9 retomada na Cidade Baixa ap\u00f3s amea\u00e7as a seguran\u00e7a dos garis"},"content":{"rendered":"\n<p id=\"paragrafo-9dtcq4sda1\">O servi\u00e7o de coleta de lixo foi retomado na regi\u00e3o da Cidade Baixa, nesta segunda (28), depois de uma paralisa\u00e7\u00e3o no \u00faltimo s\u00e1bado (27), quando garis foram amea\u00e7ados por suspeitos na regi\u00e3o. As amea\u00e7as \u00e0 seguran\u00e7a dos profissionais de limpeza vieram ap\u00f3s uma a\u00e7\u00e3o da Pol\u00edcia Militar (PM-BA) na regi\u00e3o da Praia do Cantagalo, no bairro da Cal\u00e7ada, em que, segundo a prefeitura, os militares teriam utilizado as fardas da Limpurb sem autoriza\u00e7\u00e3o pr\u00e9via.<\/p>\n\n\n\n<p id=\"paragrafo-meehm0ja0e\">A Limpurb informou, nesta segunda-feira (29), que as atividades de varri\u00e7\u00e3o e limpeza das praias foram retomadas na regi\u00e3o ainda no domingo (28) e \u201cnesta segunda, todas as atividades est\u00e3o ocorrendo dentro da normalidade\u201d, escreveu em nota.<\/p>\n\n\n\n<p id=\"paragrafo-rmwjb65n5o\">A prefeitura informou que \u201ca situa\u00e7\u00e3o causou transtornos para os servi\u00e7os de limpeza da cidade, uma vez que est\u00e1 dificultando a entrada de caminh\u00f5es em algumas localidades. Agentes do servi\u00e7o de limpeza temem repres\u00e1lias, e alguns deles, inclusive, j\u00e1 relataram terem sofrido amea\u00e7as ap\u00f3s o ocorrido\u201d, em nota divulgada no s\u00e1bado.<\/p>\n\n\n\n<p id=\"paragrafo-t2qy9l6ht0\">A a\u00e7\u00e3o da PM na Cal\u00e7ada apreendeu sacos de crack e coca\u00edna enterrados na praia e culminou na pris\u00e3o de sete suspeitos de tr\u00e1fico de drogas na regi\u00e3o.<\/p>\n\n\n\n<p id=\"paragrafo-s0zega80cz\">Com rela\u00e7\u00e3o \u00e0s a\u00e7\u00f5es de seguran\u00e7a para a garantia do funcionamento da Limpurb e integridade dos garis, o \u00f3rg\u00e3o ressaltou ainda que atua \u201csempre com o objetivo de proteger a popula\u00e7\u00e3o das a\u00e7\u00f5es criminosas\u201d e reafirmou, conforme publicado pelo Correio no \u00faltimo s\u00e1bado, que estaria apurando as circunst\u00e2ncias da ocorr\u00eancia na Praia de Cantagalo e poss\u00edveis irregularidades, junto ao comando da 16\u00aa Companhia Independente da Pol\u00edcia Militar (CIPM).<\/p>\n\n\n\n<p>Fonte: Jornal Correio <\/p>\n","protected":false},"excerpt":{"rendered":"<p>O servi\u00e7o de coleta de lixo foi retomado na regi\u00e3o da Cidade Baixa, nesta segunda (28), depois de uma paralisa\u00e7\u00e3o no \u00faltimo s\u00e1bado (27), quando garis foram amea\u00e7ados por suspeitos na regi\u00e3o. As amea\u00e7as \u00e0 seguran\u00e7a dos profissionais de limpeza vieram ap\u00f3s uma a\u00e7\u00e3o da Pol\u00edcia Militar (PM-BA) na regi\u00e3o da Praia do Cantagalo, no [&hellip;]<\/p>\n","protected":false},"author":2,"featured_media":10068,"comment_status":"open","ping_status":"open","sticky":false,"template":"","format":"standard","meta":{"footnotes":""},"categories":[85],"tags":[],"class_list":["post-10067","post","type-post","status-publish","format-standard","has-post-thumbnail","hentry","category-noticias"],"_links":{"self":[{"href":"https:\/\/suburbionoar.com.br\/index.php\/wp-json\/wp\/v2\/posts\/10067","targetHints":{"allow":["GET"]}}],"collection":[{"href":"https:\/\/suburbionoar.com.br\/index.php\/wp-json\/wp\/v2\/posts"}],"about":[{"href":"https:\/\/suburbionoar.com.br\/index.php\/wp-json\/wp\/v2\/types\/post"}],"author":[{"embeddable":true,"href":"https:\/\/suburbionoar.com.br\/index.php\/wp-json\/wp\/v2\/users\/2"}],"replies":[{"embeddable":true,"href":"https:\/\/suburbionoar.com.br\/index.php\/wp-json\/wp\/v2\/comments?post=10067"}],"version-history":[{"count":1,"href":"https:\/\/suburbionoar.com.br\/index.php\/wp-json\/wp\/v2\/posts\/10067\/revisions"}],"predecessor-version":[{"id":10069,"href":"https:\/\/suburbionoar.com.br\/index.php\/wp-json\/wp\/v2\/posts\/10067\/revisions\/10069"}],"wp:featuredmedia":[{"embeddable":true,"href":"https:\/\/suburbionoar.com.br\/index.php\/wp-json\/wp\/v2\/media\/10068"}],"wp:attachment":[{"href":"https:\/\/suburbionoar.com.br\/index.php\/wp-json\/wp\/v2\/media?parent=10067"}],"wp:term":[{"taxonomy":"category","embeddable":true,"href":"https:\/\/suburbionoar.com.br\/index.php\/wp-json\/wp\/v2\/categories?post=10067"},{"taxonomy":"post_tag","embeddable":true,"href":"https:\/\/suburbionoar.com.br\/index.php\/wp-json\/wp\/v2\/tags?post=10067"}],"curies":[{"name":"wp","href":"https:\/\/api.w.org\/{rel}","templated":true}]}}