{"id":10063,"date":"2024-07-29T10:31:15","date_gmt":"2024-07-29T13:31:15","guid":{"rendered":"https:\/\/suburbionoar.com.br\/?p=10063"},"modified":"2024-07-29T10:31:17","modified_gmt":"2024-07-29T13:31:17","slug":"moradores-bloqueiam-ba-093-e-cobram-volta-de-isencao-em-pedagio-na-rms","status":"publish","type":"post","link":"https:\/\/suburbionoar.com.br\/index.php\/2024\/07\/29\/moradores-bloqueiam-ba-093-e-cobram-volta-de-isencao-em-pedagio-na-rms\/","title":{"rendered":"Moradores bloqueiam BA-093 e cobram volta de isen\u00e7\u00e3o em ped\u00e1gio na RMS"},"content":{"rendered":"\n<p>Um grupo de pessoas bloqueou na manh\u00e3 desta segunda-feira (28) um trecho da BA-093 de\u00a0Pojuca, na Regi\u00e3o Metropolitana de Salvador (RMS). Os manifestantes reclamam da volta da cobran\u00e7a do ped\u00e1gio pela concession\u00e1ria Bahia Norte.<\/p>\n\n\n\n<p>Segundo o\u00a0Mais Regi\u00e3o, a manifesta\u00e7\u00e3o ocorreu a 300 metros da pra\u00e7a do ped\u00e1gio e foi feita por moradores da localidade Bela Vista, conhecida como &#8220;Sobe Desce&#8221;. Para bloquear a pista, os moradores usaram galhos de \u00e1rvore e pneus queimados. O protesto come\u00e7ou por volta das 5h e foi encerrado por volta das 9h.<\/p>\n\n\n\n<p>Ainda segundo o blog, um dos manifestantes declarou que a decis\u00e3o de suspender novos cadastros para isen\u00e7\u00e3o de ped\u00e1gio \u00e9 injusta e prejudica diretamente os moradores de Pojuca, que utilizam a rodovia diariamente para se deslocar para o trabalho e outras atividades essenciais. Eles reivindicam a retomada imediata dos cadastros para isen\u00e7\u00e3o, alegando que a cobran\u00e7a do ped\u00e1gio onera ainda mais suas finan\u00e7as.<\/p>\n\n\n\n<p>Esse n\u00e3o foi o primeiro protesto sobre ped\u00e1gios no trecho. Em agosto do ano passado, um grupo de pessoas fez uma manifesta\u00e7\u00e3o semelhante. At\u00e9 o momento, a concession\u00e1ria Bahia Norte n\u00e3o se pronunciou sobre a reclama\u00e7\u00e3o.\u00a0<\/p>\n\n\n\n<p>Fonte: Bahia Not\u00edcias <\/p>\n","protected":false},"excerpt":{"rendered":"<p>Um grupo de pessoas bloqueou na manh\u00e3 desta segunda-feira (28) um trecho da BA-093 de\u00a0Pojuca, na Regi\u00e3o Metropolitana de Salvador (RMS). Os manifestantes reclamam da volta da cobran\u00e7a do ped\u00e1gio pela concession\u00e1ria Bahia Norte. Segundo o\u00a0Mais Regi\u00e3o, a manifesta\u00e7\u00e3o ocorreu a 300 metros da pra\u00e7a do ped\u00e1gio e foi feita por moradores da localidade Bela [&hellip;]<\/p>\n","protected":false},"author":2,"featured_media":10064,"comment_status":"open","ping_status":"open","sticky":false,"template":"","format":"standard","meta":{"footnotes":""},"categories":[85],"tags":[],"class_list":["post-10063","post","type-post","status-publish","format-standard","has-post-thumbnail","hentry","category-noticias"],"_links":{"self":[{"href":"https:\/\/suburbionoar.com.br\/index.php\/wp-json\/wp\/v2\/posts\/10063","targetHints":{"allow":["GET"]}}],"collection":[{"href":"https:\/\/suburbionoar.com.br\/index.php\/wp-json\/wp\/v2\/posts"}],"about":[{"href":"https:\/\/suburbionoar.com.br\/index.php\/wp-json\/wp\/v2\/types\/post"}],"author":[{"embeddable":true,"href":"https:\/\/suburbionoar.com.br\/index.php\/wp-json\/wp\/v2\/users\/2"}],"replies":[{"embeddable":true,"href":"https:\/\/suburbionoar.com.br\/index.php\/wp-json\/wp\/v2\/comments?post=10063"}],"version-history":[{"count":1,"href":"https:\/\/suburbionoar.com.br\/index.php\/wp-json\/wp\/v2\/posts\/10063\/revisions"}],"predecessor-version":[{"id":10065,"href":"https:\/\/suburbionoar.com.br\/index.php\/wp-json\/wp\/v2\/posts\/10063\/revisions\/10065"}],"wp:featuredmedia":[{"embeddable":true,"href":"https:\/\/suburbionoar.com.br\/index.php\/wp-json\/wp\/v2\/media\/10064"}],"wp:attachment":[{"href":"https:\/\/suburbionoar.com.br\/index.php\/wp-json\/wp\/v2\/media?parent=10063"}],"wp:term":[{"taxonomy":"category","embeddable":true,"href":"https:\/\/suburbionoar.com.br\/index.php\/wp-json\/wp\/v2\/categories?post=10063"},{"taxonomy":"post_tag","embeddable":true,"href":"https:\/\/suburbionoar.com.br\/index.php\/wp-json\/wp\/v2\/tags?post=10063"}],"curies":[{"name":"wp","href":"https:\/\/api.w.org\/{rel}","templated":true}]}}