{"id":10052,"date":"2024-07-26T11:47:13","date_gmt":"2024-07-26T14:47:13","guid":{"rendered":"https:\/\/suburbionoar.com.br\/?p=10052"},"modified":"2024-07-26T11:47:14","modified_gmt":"2024-07-26T14:47:14","slug":"acm-neto-fala-a-respeito-de-cenario-de-polarizacao-na-bahia","status":"publish","type":"post","link":"https:\/\/suburbionoar.com.br\/index.php\/2024\/07\/26\/acm-neto-fala-a-respeito-de-cenario-de-polarizacao-na-bahia\/","title":{"rendered":"ACM Neto fala a respeito de cen\u00e1rio de polariza\u00e7\u00e3o na Bahia"},"content":{"rendered":"\n<p>Em evento realizado para o lan\u00e7amento da candidatura de Bruno Reis pelo Uni\u00e3o Brasil, ACM Neto, candidato a governador da Bahia, comentou sobre o atual cen\u00e1rio de polariza\u00e7\u00e3o pol\u00edtica que predomina no estado. Neto destacou que, apesar da polariza\u00e7\u00e3o evidente entre os campos pol\u00edticos de sua candidatura e do governo estadual, as elei\u00e7\u00f5es municipais ser\u00e3o decididas pela popula\u00e7\u00e3o local, n\u00e3o pelos l\u00edderes pol\u00edticos.<\/p>\n\n\n\n<p><em>&#8220;Em Salvador, eu n\u00e3o tenho d\u00favida, e praticamente nas grandes cidades do interior da Bahia tamb\u00e9m h\u00e1 um quadro de polariza\u00e7\u00e3o, uma disputa entre o nosso campo pol\u00edtico de um lado e o campo pol\u00edtico do governador do outro lado<\/em>,&#8221; afirmou Neto.<em>&nbsp;&#8220;Mas, e mesmo que essa minha coloca\u00e7\u00e3o aqui diminua o meu peso, eu quero dizer o seguinte: nem eu nem ele vamos decidir elei\u00e7\u00e3o municipal nenhuma, nem Salvador, nem do interior. Quem vai decidir elei\u00e7\u00e3o municipal \u00e9 a popula\u00e7\u00e3o de acordo com os candidatos para prefeito de cada cidade.&#8221;<\/em><\/p>\n\n\n\n<p>Neto ressaltou que, apesar da polariza\u00e7\u00e3o ser um fen\u00f4meno presente na Bahia, tamb\u00e9m se repete em v\u00e1rios outros estados do Brasil, refletindo uma tend\u00eancia geral na rela\u00e7\u00e3o entre a sociedade e a pol\u00edtica.&nbsp;<em>&#8220;O quadro predominante no estado da Bahia \u00e9 de polariza\u00e7\u00e3o, o que ali\u00e1s \u00e9 tamb\u00e9m um cen\u00e1rio que se repete em v\u00e1rios outros estados do Brasil e que \u00e9 uma tend\u00eancia hoje que se evidencia na rela\u00e7\u00e3o da sociedade com a pol\u00edtica,&#8221;<\/em>&nbsp;completou.<\/p>\n\n\n\n<p>A an\u00e1lise de ACM Neto vem em um momento crucial, onde a polariza\u00e7\u00e3o pol\u00edtica tem sido um tema central em v\u00e1rias esferas eleitorais e regionais.<\/p>\n\n\n\n<p>Fonte: Varela Net <\/p>\n","protected":false},"excerpt":{"rendered":"<p>Em evento realizado para o lan\u00e7amento da candidatura de Bruno Reis pelo Uni\u00e3o Brasil, ACM Neto, candidato a governador da Bahia, comentou sobre o atual cen\u00e1rio de polariza\u00e7\u00e3o pol\u00edtica que predomina no estado. Neto destacou que, apesar da polariza\u00e7\u00e3o evidente entre os campos pol\u00edticos de sua candidatura e do governo estadual, as elei\u00e7\u00f5es municipais ser\u00e3o [&hellip;]<\/p>\n","protected":false},"author":2,"featured_media":10053,"comment_status":"open","ping_status":"open","sticky":false,"template":"","format":"standard","meta":{"footnotes":""},"categories":[89],"tags":[],"class_list":["post-10052","post","type-post","status-publish","format-standard","has-post-thumbnail","hentry","category-esportes"],"_links":{"self":[{"href":"https:\/\/suburbionoar.com.br\/index.php\/wp-json\/wp\/v2\/posts\/10052","targetHints":{"allow":["GET"]}}],"collection":[{"href":"https:\/\/suburbionoar.com.br\/index.php\/wp-json\/wp\/v2\/posts"}],"about":[{"href":"https:\/\/suburbionoar.com.br\/index.php\/wp-json\/wp\/v2\/types\/post"}],"author":[{"embeddable":true,"href":"https:\/\/suburbionoar.com.br\/index.php\/wp-json\/wp\/v2\/users\/2"}],"replies":[{"embeddable":true,"href":"https:\/\/suburbionoar.com.br\/index.php\/wp-json\/wp\/v2\/comments?post=10052"}],"version-history":[{"count":1,"href":"https:\/\/suburbionoar.com.br\/index.php\/wp-json\/wp\/v2\/posts\/10052\/revisions"}],"predecessor-version":[{"id":10054,"href":"https:\/\/suburbionoar.com.br\/index.php\/wp-json\/wp\/v2\/posts\/10052\/revisions\/10054"}],"wp:featuredmedia":[{"embeddable":true,"href":"https:\/\/suburbionoar.com.br\/index.php\/wp-json\/wp\/v2\/media\/10053"}],"wp:attachment":[{"href":"https:\/\/suburbionoar.com.br\/index.php\/wp-json\/wp\/v2\/media?parent=10052"}],"wp:term":[{"taxonomy":"category","embeddable":true,"href":"https:\/\/suburbionoar.com.br\/index.php\/wp-json\/wp\/v2\/categories?post=10052"},{"taxonomy":"post_tag","embeddable":true,"href":"https:\/\/suburbionoar.com.br\/index.php\/wp-json\/wp\/v2\/tags?post=10052"}],"curies":[{"name":"wp","href":"https:\/\/api.w.org\/{rel}","templated":true}]}}