{"id":10038,"date":"2024-07-25T15:27:23","date_gmt":"2024-07-25T18:27:23","guid":{"rendered":"https:\/\/suburbionoar.com.br\/?p=10038"},"modified":"2024-07-25T15:27:25","modified_gmt":"2024-07-25T18:27:25","slug":"com-lesao-grave-junior-santos-e-desfalque-certo-contra-o-bahia","status":"publish","type":"post","link":"https:\/\/suburbionoar.com.br\/index.php\/2024\/07\/25\/com-lesao-grave-junior-santos-e-desfalque-certo-contra-o-bahia\/","title":{"rendered":"Com les\u00e3o grave, Junior Santos \u00e9 desfalque certo contra o Bahia"},"content":{"rendered":"\n<p>Advers\u00e1rio do\u00a0Bahia\u00a0nas oitavas de final da Copa do Brasil, o Botafogo anunciou nesta quinta-feira, 25, que o atacante J\u00fanior Santos foi submetido a uma cirurgia na t\u00edbia esquerda. O procedimento, realizado com sucesso, marca o in\u00edcio de um per\u00edodo de recupera\u00e7\u00e3o que pode durar at\u00e9 tr\u00eas meses.<\/p>\n\n\n\n<p>A les\u00e3o ocorreu durante a partida contra o Internacional no \u00faltimo s\u00e1bado, 20, quando J\u00fanior Santos sofreu uma fratura na perna ao fazer uma arrancada no meio-campo. O jogador, que veste a camisa 11, imediatamente sentiu o impacto e levou a m\u00e3o ao tornozelo esquerdo, sinalizando a gravidade do ocorrido.<\/p>\n\n\n\n<h3 class=\"wp-block-heading\"><strong>Outra baixa<\/strong><\/h3>\n\n\n\n<p>Al\u00e9m do J\u00fanior Santos, o Glorioso tamb\u00e9m n\u00e3o vai poder contar com o meio-campista Eduardo, que dever\u00e1 desfalcar a equipe de Artur Jorge por cerca de 20 semanas.<\/p>\n\n\n\n<h2 class=\"wp-block-heading\">Tr\u00eas jogadores levam 3\u00ba amarelo e Bahia pode ter at\u00e9 seis desfalques<\/h2>\n\n\n\n<p>O t\u00e9cnico Rog\u00e9rio Ceni ganhou tr\u00eas novos desfalques para o pr\u00f3ximo jogo do Bahia, pela 20\u00aa rodada do Campeonato Brasileiro.\u00a0O zagueiro Victor Cuesta, o volante Rezende e o meia Jean Lucas receberam o terceiro cart\u00e3o amarelo no empate com o Atl\u00e9tico-GO\u00a0e cumprir\u00e3o suspens\u00e3o autom\u00e1tica no confronto contra o Internacional.<\/p>\n\n\n\n<p>Fonte: A Tarde <\/p>\n","protected":false},"excerpt":{"rendered":"<p>Advers\u00e1rio do\u00a0Bahia\u00a0nas oitavas de final da Copa do Brasil, o Botafogo anunciou nesta quinta-feira, 25, que o atacante J\u00fanior Santos foi submetido a uma cirurgia na t\u00edbia esquerda. O procedimento, realizado com sucesso, marca o in\u00edcio de um per\u00edodo de recupera\u00e7\u00e3o que pode durar at\u00e9 tr\u00eas meses. A les\u00e3o ocorreu durante a partida contra o [&hellip;]<\/p>\n","protected":false},"author":2,"featured_media":10039,"comment_status":"open","ping_status":"open","sticky":false,"template":"","format":"standard","meta":{"footnotes":""},"categories":[89],"tags":[],"class_list":["post-10038","post","type-post","status-publish","format-standard","has-post-thumbnail","hentry","category-esportes"],"_links":{"self":[{"href":"https:\/\/suburbionoar.com.br\/index.php\/wp-json\/wp\/v2\/posts\/10038","targetHints":{"allow":["GET"]}}],"collection":[{"href":"https:\/\/suburbionoar.com.br\/index.php\/wp-json\/wp\/v2\/posts"}],"about":[{"href":"https:\/\/suburbionoar.com.br\/index.php\/wp-json\/wp\/v2\/types\/post"}],"author":[{"embeddable":true,"href":"https:\/\/suburbionoar.com.br\/index.php\/wp-json\/wp\/v2\/users\/2"}],"replies":[{"embeddable":true,"href":"https:\/\/suburbionoar.com.br\/index.php\/wp-json\/wp\/v2\/comments?post=10038"}],"version-history":[{"count":1,"href":"https:\/\/suburbionoar.com.br\/index.php\/wp-json\/wp\/v2\/posts\/10038\/revisions"}],"predecessor-version":[{"id":10040,"href":"https:\/\/suburbionoar.com.br\/index.php\/wp-json\/wp\/v2\/posts\/10038\/revisions\/10040"}],"wp:featuredmedia":[{"embeddable":true,"href":"https:\/\/suburbionoar.com.br\/index.php\/wp-json\/wp\/v2\/media\/10039"}],"wp:attachment":[{"href":"https:\/\/suburbionoar.com.br\/index.php\/wp-json\/wp\/v2\/media?parent=10038"}],"wp:term":[{"taxonomy":"category","embeddable":true,"href":"https:\/\/suburbionoar.com.br\/index.php\/wp-json\/wp\/v2\/categories?post=10038"},{"taxonomy":"post_tag","embeddable":true,"href":"https:\/\/suburbionoar.com.br\/index.php\/wp-json\/wp\/v2\/tags?post=10038"}],"curies":[{"name":"wp","href":"https:\/\/api.w.org\/{rel}","templated":true}]}}