{"id":10011,"date":"2024-07-23T12:39:18","date_gmt":"2024-07-23T15:39:18","guid":{"rendered":"https:\/\/suburbionoar.com.br\/?p=10011"},"modified":"2024-07-23T12:39:19","modified_gmt":"2024-07-23T15:39:19","slug":"botafogo-deve-ter-baixa-importante-para-duelo-contra-o-bahia-confira","status":"publish","type":"post","link":"https:\/\/suburbionoar.com.br\/index.php\/2024\/07\/23\/botafogo-deve-ter-baixa-importante-para-duelo-contra-o-bahia-confira\/","title":{"rendered":"Botafogo deve ter baixa importante para duelo contra o Bahia; confira"},"content":{"rendered":"\n<p>Com duelo pela Copa do Brasil marcado para a pr\u00f3xima ter\u00e7a-feira, 30, o Botafogo dever\u00e1 enfrentar o Bahia sem um de seus principais jogadores na temporada: J\u00fanior Santos. O confronto \u00e9 v\u00e1lido pelas oitavas de final da competi\u00e7\u00e3o.<\/p>\n\n\n\n<p>Em nota divulgada na manh\u00e3 desta ter\u00e7a-feira, 23, ap\u00f3s a realiza\u00e7\u00e3o de um exame de imagem, a equipe carioca informou que o atleta sofreu uma fratura na t\u00edbia. O tempo de recupera\u00e7\u00e3o para esse tipo de les\u00e3o \u00e9 de aproximadamente seis a oito semanas. <\/p>\n\n\n\n<p>O camisa 11 se lesionou no \u00faltimo s\u00e1bado, 20, durante a vit\u00f3ria por 1 a 0 sobre o Internacional, no Est\u00e1dio Nilton Santos. A les\u00e3o ocorreu ap\u00f3s o atleta dar uma arrancada no meio de campo, mas logo na sequ\u00eancia ele sentiu o tornozelo esquerdo.<\/p>\n\n\n\n<p><strong>Outra baixa<\/strong><\/p>\n\n\n\n<p>Al\u00e9m do J\u00fanior Santos, o Glorioso tamb\u00e9m n\u00e3o vai poder contar com o meio-campista Eduardo, que dever\u00e1 desfalcar a equipe de Artur Jorge por cerca de 20 semanas.<\/p>\n\n\n\n<p>Fonte: A Tarde <\/p>\n","protected":false},"excerpt":{"rendered":"<p>Com duelo pela Copa do Brasil marcado para a pr\u00f3xima ter\u00e7a-feira, 30, o Botafogo dever\u00e1 enfrentar o Bahia sem um de seus principais jogadores na temporada: J\u00fanior Santos. O confronto \u00e9 v\u00e1lido pelas oitavas de final da competi\u00e7\u00e3o. Em nota divulgada na manh\u00e3 desta ter\u00e7a-feira, 23, ap\u00f3s a realiza\u00e7\u00e3o de um exame de imagem, a [&hellip;]<\/p>\n","protected":false},"author":2,"featured_media":10012,"comment_status":"open","ping_status":"open","sticky":false,"template":"","format":"standard","meta":{"footnotes":""},"categories":[89],"tags":[],"class_list":["post-10011","post","type-post","status-publish","format-standard","has-post-thumbnail","hentry","category-esportes"],"_links":{"self":[{"href":"https:\/\/suburbionoar.com.br\/index.php\/wp-json\/wp\/v2\/posts\/10011","targetHints":{"allow":["GET"]}}],"collection":[{"href":"https:\/\/suburbionoar.com.br\/index.php\/wp-json\/wp\/v2\/posts"}],"about":[{"href":"https:\/\/suburbionoar.com.br\/index.php\/wp-json\/wp\/v2\/types\/post"}],"author":[{"embeddable":true,"href":"https:\/\/suburbionoar.com.br\/index.php\/wp-json\/wp\/v2\/users\/2"}],"replies":[{"embeddable":true,"href":"https:\/\/suburbionoar.com.br\/index.php\/wp-json\/wp\/v2\/comments?post=10011"}],"version-history":[{"count":1,"href":"https:\/\/suburbionoar.com.br\/index.php\/wp-json\/wp\/v2\/posts\/10011\/revisions"}],"predecessor-version":[{"id":10013,"href":"https:\/\/suburbionoar.com.br\/index.php\/wp-json\/wp\/v2\/posts\/10011\/revisions\/10013"}],"wp:featuredmedia":[{"embeddable":true,"href":"https:\/\/suburbionoar.com.br\/index.php\/wp-json\/wp\/v2\/media\/10012"}],"wp:attachment":[{"href":"https:\/\/suburbionoar.com.br\/index.php\/wp-json\/wp\/v2\/media?parent=10011"}],"wp:term":[{"taxonomy":"category","embeddable":true,"href":"https:\/\/suburbionoar.com.br\/index.php\/wp-json\/wp\/v2\/categories?post=10011"},{"taxonomy":"post_tag","embeddable":true,"href":"https:\/\/suburbionoar.com.br\/index.php\/wp-json\/wp\/v2\/tags?post=10011"}],"curies":[{"name":"wp","href":"https:\/\/api.w.org\/{rel}","templated":true}]}}